{"id":2335,"date":"2023-11-23T11:04:50","date_gmt":"2023-11-23T10:04:50","guid":{"rendered":"https:\/\/afpca.fr\/site\/?p=2335"},"modified":"2023-12-21T20:15:52","modified_gmt":"2023-12-21T19:15:52","slug":"novembre-2023-assemblee-generale-2024","status":"publish","type":"post","link":"https:\/\/afpca.fr\/site\/novembre-2023-assemblee-generale-2024\/","title":{"rendered":"Novembre 2023 : assembl\u00e9e g\u00e9n\u00e9rale 2024"},"content":{"rendered":"\t\t<div data-elementor-type=\"wp-post\" data-elementor-id=\"2335\" class=\"elementor elementor-2335\">\n\t\t\t\t<div class=\"elementor-element elementor-element-217c381d e-flex e-con-boxed e-con e-parent\" data-id=\"217c381d\" data-element_type=\"container\" data-e-type=\"container\">\n\t\t\t\t\t<div class=\"e-con-inner\">\n\t\t\t\t<div class=\"elementor-element elementor-element-270c1cf9 elementor-widget elementor-widget-text-editor\" data-id=\"270c1cf9\" data-element_type=\"widget\" data-e-type=\"widget\" data-widget_type=\"text-editor.default\">\n\t\t\t\t<div class=\"elementor-widget-container\">\n\t\t\t\t\t\t\t\t\t<p>Elle se tiendra le samedi 23 mars 2024 \u00e0 l&#8217;h\u00f4pital de la Piti\u00e9 Salp\u00eatri\u00e8re \u00e0 partir de 9 h. L&#8217;AG sera \u00e9galement disponible en visioconf\u00e9rence.<\/p><p>\u00a0<\/p><p>\u00a0<\/p>\t\t\t\t\t\t\t\t<\/div>\n\t\t\t\t<\/div>\n\t\t\t\t\t<\/div>\n\t\t\t\t<\/div>\n\t\t\t\t<\/div>\n\t\t","protected":false},"excerpt":{"rendered":"<p>Elle se tiendra le samedi 23 mars 2024 \u00e0 l&#8217;h\u00f4pital de la Piti\u00e9 Salp\u00eatri\u00e8re \u00e0 partir de 9 h. L&#8217;AG sera \u00e9galement disponible en visioconf\u00e9rence. \u00a0 \u00a0<\/p>\n","protected":false},"author":10,"featured_media":0,"comment_status":"open","ping_status":"open","sticky":false,"template":"","format":"standard","meta":{"footnotes":""},"categories":[1],"tags":[],"class_list":["post-2335","post","type-post","status-publish","format-standard","hentry","category-non-classe"],"yoast_head":"<!-- This site is optimized with the Yoast SEO plugin v27.4 - https:\/\/yoast.com\/product\/yoast-seo-wordpress\/ -->\n<title>Novembre 2023 : assembl\u00e9e g\u00e9n\u00e9rale 2024 - Association Francophone Contre La Polychondrite Chronique Atrophiante<\/title>\n<meta name=\"robots\" content=\"index, follow, max-snippet:-1, max-image-preview:large, max-video-preview:-1\" \/>\n<link rel=\"canonical\" href=\"https:\/\/afpca.fr\/site\/novembre-2023-assemblee-generale-2024\/\" \/>\n<meta property=\"og:locale\" content=\"fr_FR\" \/>\n<meta property=\"og:type\" content=\"article\" \/>\n<meta property=\"og:title\" content=\"Novembre 2023 : assembl\u00e9e g\u00e9n\u00e9rale 2024 - Association Francophone Contre La Polychondrite Chronique Atrophiante\" \/>\n<meta property=\"og:description\" content=\"Elle se tiendra le samedi 23 mars 2024 \u00e0 l&#8217;h\u00f4pital de la Piti\u00e9 Salp\u00eatri\u00e8re \u00e0 partir de 9 h. L&#8217;AG sera \u00e9galement disponible en visioconf\u00e9rence. \u00a0 \u00a0\" \/>\n<meta property=\"og:url\" content=\"https:\/\/afpca.fr\/site\/novembre-2023-assemblee-generale-2024\/\" \/>\n<meta property=\"og:site_name\" content=\"Association Francophone Contre La Polychondrite Chronique Atrophiante\" \/>\n<meta property=\"article:publisher\" content=\"https:\/\/www.facebook.com\/groups\/42710644010\" \/>\n<meta property=\"article:published_time\" content=\"2023-11-23T10:04:50+00:00\" \/>\n<meta property=\"article:modified_time\" content=\"2023-12-21T19:15:52+00:00\" \/>\n<meta name=\"author\" content=\"webmaster_afpca\" \/>\n<meta name=\"twitter:card\" content=\"summary_large_image\" \/>\n<meta name=\"twitter:label1\" content=\"\u00c9crit par\" \/>\n\t<meta name=\"twitter:data1\" content=\"webmaster_afpca\" \/>\n<script type=\"application\/ld+json\" class=\"yoast-schema-graph\">{\"@context\":\"https:\\\/\\\/schema.org\",\"@graph\":[{\"@type\":\"Article\",\"@id\":\"https:\\\/\\\/afpca.fr\\\/site\\\/novembre-2023-assemblee-generale-2024\\\/#article\",\"isPartOf\":{\"@id\":\"https:\\\/\\\/afpca.fr\\\/site\\\/novembre-2023-assemblee-generale-2024\\\/\"},\"author\":{\"name\":\"webmaster_afpca\",\"@id\":\"https:\\\/\\\/afpca.fr\\\/site\\\/#\\\/schema\\\/person\\\/51c98554e1e9914c58daecf2d0e9822e\"},\"headline\":\"Novembre 2023 : assembl\u00e9e g\u00e9n\u00e9rale 2024\",\"datePublished\":\"2023-11-23T10:04:50+00:00\",\"dateModified\":\"2023-12-21T19:15:52+00:00\",\"mainEntityOfPage\":{\"@id\":\"https:\\\/\\\/afpca.fr\\\/site\\\/novembre-2023-assemblee-generale-2024\\\/\"},\"wordCount\":32,\"commentCount\":1,\"publisher\":{\"@id\":\"https:\\\/\\\/afpca.fr\\\/site\\\/#organization\"},\"inLanguage\":\"fr-FR\",\"potentialAction\":[{\"@type\":\"CommentAction\",\"name\":\"Comment\",\"target\":[\"https:\\\/\\\/afpca.fr\\\/site\\\/novembre-2023-assemblee-generale-2024\\\/#respond\"]}]},{\"@type\":\"WebPage\",\"@id\":\"https:\\\/\\\/afpca.fr\\\/site\\\/novembre-2023-assemblee-generale-2024\\\/\",\"url\":\"https:\\\/\\\/afpca.fr\\\/site\\\/novembre-2023-assemblee-generale-2024\\\/\",\"name\":\"Novembre 2023 : assembl\u00e9e g\u00e9n\u00e9rale 2024 - Association Francophone Contre La Polychondrite Chronique Atrophiante\",\"isPartOf\":{\"@id\":\"https:\\\/\\\/afpca.fr\\\/site\\\/#website\"},\"datePublished\":\"2023-11-23T10:04:50+00:00\",\"dateModified\":\"2023-12-21T19:15:52+00:00\",\"breadcrumb\":{\"@id\":\"https:\\\/\\\/afpca.fr\\\/site\\\/novembre-2023-assemblee-generale-2024\\\/#breadcrumb\"},\"inLanguage\":\"fr-FR\",\"potentialAction\":[{\"@type\":\"ReadAction\",\"target\":[\"https:\\\/\\\/afpca.fr\\\/site\\\/novembre-2023-assemblee-generale-2024\\\/\"]}]},{\"@type\":\"BreadcrumbList\",\"@id\":\"https:\\\/\\\/afpca.fr\\\/site\\\/novembre-2023-assemblee-generale-2024\\\/#breadcrumb\",\"itemListElement\":[{\"@type\":\"ListItem\",\"position\":1,\"name\":\"Accueil\",\"item\":\"https:\\\/\\\/afpca.fr\\\/site\\\/\"},{\"@type\":\"ListItem\",\"position\":2,\"name\":\"Novembre 2023 : assembl\u00e9e g\u00e9n\u00e9rale 2024\"}]},{\"@type\":\"WebSite\",\"@id\":\"https:\\\/\\\/afpca.fr\\\/site\\\/#website\",\"url\":\"https:\\\/\\\/afpca.fr\\\/site\\\/\",\"name\":\"Association Francophone Contre La Polychondrite Chronique Atrophiante\",\"description\":\"Association Francophone Contre La Polychondrite Chronique Atrophiante\",\"publisher\":{\"@id\":\"https:\\\/\\\/afpca.fr\\\/site\\\/#organization\"},\"potentialAction\":[{\"@type\":\"SearchAction\",\"target\":{\"@type\":\"EntryPoint\",\"urlTemplate\":\"https:\\\/\\\/afpca.fr\\\/site\\\/?s={search_term_string}\"},\"query-input\":{\"@type\":\"PropertyValueSpecification\",\"valueRequired\":true,\"valueName\":\"search_term_string\"}}],\"inLanguage\":\"fr-FR\"},{\"@type\":\"Organization\",\"@id\":\"https:\\\/\\\/afpca.fr\\\/site\\\/#organization\",\"name\":\"Association Francophone Contre La Polychondrite Chronique Atrophiante\",\"url\":\"https:\\\/\\\/afpca.fr\\\/site\\\/\",\"logo\":{\"@type\":\"ImageObject\",\"inLanguage\":\"fr-FR\",\"@id\":\"https:\\\/\\\/afpca.fr\\\/site\\\/#\\\/schema\\\/logo\\\/image\\\/\",\"url\":\"https:\\\/\\\/afpca.fr\\\/site\\\/wp-content\\\/uploads\\\/2023\\\/05\\\/LOGO_afpca.png\",\"contentUrl\":\"https:\\\/\\\/afpca.fr\\\/site\\\/wp-content\\\/uploads\\\/2023\\\/05\\\/LOGO_afpca.png\",\"width\":184,\"height\":184,\"caption\":\"Association Francophone Contre La Polychondrite Chronique Atrophiante\"},\"image\":{\"@id\":\"https:\\\/\\\/afpca.fr\\\/site\\\/#\\\/schema\\\/logo\\\/image\\\/\"},\"sameAs\":[\"https:\\\/\\\/www.facebook.com\\\/groups\\\/42710644010\"]},{\"@type\":\"Person\",\"@id\":\"https:\\\/\\\/afpca.fr\\\/site\\\/#\\\/schema\\\/person\\\/51c98554e1e9914c58daecf2d0e9822e\",\"name\":\"webmaster_afpca\",\"image\":{\"@type\":\"ImageObject\",\"inLanguage\":\"fr-FR\",\"@id\":\"https:\\\/\\\/secure.gravatar.com\\\/avatar\\\/8ceed7420502a29ef58778714f74aee5826a58566284b1b505f52207bb7285a5?s=96&d=mm&r=g\",\"url\":\"https:\\\/\\\/secure.gravatar.com\\\/avatar\\\/8ceed7420502a29ef58778714f74aee5826a58566284b1b505f52207bb7285a5?s=96&d=mm&r=g\",\"contentUrl\":\"https:\\\/\\\/secure.gravatar.com\\\/avatar\\\/8ceed7420502a29ef58778714f74aee5826a58566284b1b505f52207bb7285a5?s=96&d=mm&r=g\",\"caption\":\"webmaster_afpca\"},\"url\":\"https:\\\/\\\/afpca.fr\\\/site\\\/author\\\/webmaster_afpca\\\/\"}]}<\/script>\n<!-- \/ Yoast SEO plugin. -->","yoast_head_json":{"title":"Novembre 2023 : assembl\u00e9e g\u00e9n\u00e9rale 2024 - Association Francophone Contre La Polychondrite Chronique Atrophiante","robots":{"index":"index","follow":"follow","max-snippet":"max-snippet:-1","max-image-preview":"max-image-preview:large","max-video-preview":"max-video-preview:-1"},"canonical":"https:\/\/afpca.fr\/site\/novembre-2023-assemblee-generale-2024\/","og_locale":"fr_FR","og_type":"article","og_title":"Novembre 2023 : assembl\u00e9e g\u00e9n\u00e9rale 2024 - Association Francophone Contre La Polychondrite Chronique Atrophiante","og_description":"Elle se tiendra le samedi 23 mars 2024 \u00e0 l&#8217;h\u00f4pital de la Piti\u00e9 Salp\u00eatri\u00e8re \u00e0 partir de 9 h. L&#8217;AG sera \u00e9galement disponible en visioconf\u00e9rence. \u00a0 \u00a0","og_url":"https:\/\/afpca.fr\/site\/novembre-2023-assemblee-generale-2024\/","og_site_name":"Association Francophone Contre La Polychondrite Chronique Atrophiante","article_publisher":"https:\/\/www.facebook.com\/groups\/42710644010","article_published_time":"2023-11-23T10:04:50+00:00","article_modified_time":"2023-12-21T19:15:52+00:00","author":"webmaster_afpca","twitter_card":"summary_large_image","twitter_misc":{"\u00c9crit par":"webmaster_afpca"},"schema":{"@context":"https:\/\/schema.org","@graph":[{"@type":"Article","@id":"https:\/\/afpca.fr\/site\/novembre-2023-assemblee-generale-2024\/#article","isPartOf":{"@id":"https:\/\/afpca.fr\/site\/novembre-2023-assemblee-generale-2024\/"},"author":{"name":"webmaster_afpca","@id":"https:\/\/afpca.fr\/site\/#\/schema\/person\/51c98554e1e9914c58daecf2d0e9822e"},"headline":"Novembre 2023 : assembl\u00e9e g\u00e9n\u00e9rale 2024","datePublished":"2023-11-23T10:04:50+00:00","dateModified":"2023-12-21T19:15:52+00:00","mainEntityOfPage":{"@id":"https:\/\/afpca.fr\/site\/novembre-2023-assemblee-generale-2024\/"},"wordCount":32,"commentCount":1,"publisher":{"@id":"https:\/\/afpca.fr\/site\/#organization"},"inLanguage":"fr-FR","potentialAction":[{"@type":"CommentAction","name":"Comment","target":["https:\/\/afpca.fr\/site\/novembre-2023-assemblee-generale-2024\/#respond"]}]},{"@type":"WebPage","@id":"https:\/\/afpca.fr\/site\/novembre-2023-assemblee-generale-2024\/","url":"https:\/\/afpca.fr\/site\/novembre-2023-assemblee-generale-2024\/","name":"Novembre 2023 : assembl\u00e9e g\u00e9n\u00e9rale 2024 - Association Francophone Contre La Polychondrite Chronique Atrophiante","isPartOf":{"@id":"https:\/\/afpca.fr\/site\/#website"},"datePublished":"2023-11-23T10:04:50+00:00","dateModified":"2023-12-21T19:15:52+00:00","breadcrumb":{"@id":"https:\/\/afpca.fr\/site\/novembre-2023-assemblee-generale-2024\/#breadcrumb"},"inLanguage":"fr-FR","potentialAction":[{"@type":"ReadAction","target":["https:\/\/afpca.fr\/site\/novembre-2023-assemblee-generale-2024\/"]}]},{"@type":"BreadcrumbList","@id":"https:\/\/afpca.fr\/site\/novembre-2023-assemblee-generale-2024\/#breadcrumb","itemListElement":[{"@type":"ListItem","position":1,"name":"Accueil","item":"https:\/\/afpca.fr\/site\/"},{"@type":"ListItem","position":2,"name":"Novembre 2023 : assembl\u00e9e g\u00e9n\u00e9rale 2024"}]},{"@type":"WebSite","@id":"https:\/\/afpca.fr\/site\/#website","url":"https:\/\/afpca.fr\/site\/","name":"Association Francophone Contre La Polychondrite Chronique Atrophiante","description":"Association Francophone Contre La Polychondrite Chronique Atrophiante","publisher":{"@id":"https:\/\/afpca.fr\/site\/#organization"},"potentialAction":[{"@type":"SearchAction","target":{"@type":"EntryPoint","urlTemplate":"https:\/\/afpca.fr\/site\/?s={search_term_string}"},"query-input":{"@type":"PropertyValueSpecification","valueRequired":true,"valueName":"search_term_string"}}],"inLanguage":"fr-FR"},{"@type":"Organization","@id":"https:\/\/afpca.fr\/site\/#organization","name":"Association Francophone Contre La Polychondrite Chronique Atrophiante","url":"https:\/\/afpca.fr\/site\/","logo":{"@type":"ImageObject","inLanguage":"fr-FR","@id":"https:\/\/afpca.fr\/site\/#\/schema\/logo\/image\/","url":"https:\/\/afpca.fr\/site\/wp-content\/uploads\/2023\/05\/LOGO_afpca.png","contentUrl":"https:\/\/afpca.fr\/site\/wp-content\/uploads\/2023\/05\/LOGO_afpca.png","width":184,"height":184,"caption":"Association Francophone Contre La Polychondrite Chronique Atrophiante"},"image":{"@id":"https:\/\/afpca.fr\/site\/#\/schema\/logo\/image\/"},"sameAs":["https:\/\/www.facebook.com\/groups\/42710644010"]},{"@type":"Person","@id":"https:\/\/afpca.fr\/site\/#\/schema\/person\/51c98554e1e9914c58daecf2d0e9822e","name":"webmaster_afpca","image":{"@type":"ImageObject","inLanguage":"fr-FR","@id":"https:\/\/secure.gravatar.com\/avatar\/8ceed7420502a29ef58778714f74aee5826a58566284b1b505f52207bb7285a5?s=96&d=mm&r=g","url":"https:\/\/secure.gravatar.com\/avatar\/8ceed7420502a29ef58778714f74aee5826a58566284b1b505f52207bb7285a5?s=96&d=mm&r=g","contentUrl":"https:\/\/secure.gravatar.com\/avatar\/8ceed7420502a29ef58778714f74aee5826a58566284b1b505f52207bb7285a5?s=96&d=mm&r=g","caption":"webmaster_afpca"},"url":"https:\/\/afpca.fr\/site\/author\/webmaster_afpca\/"}]}},"_links":{"self":[{"href":"https:\/\/afpca.fr\/site\/wp-json\/wp\/v2\/posts\/2335","targetHints":{"allow":["GET"]}}],"collection":[{"href":"https:\/\/afpca.fr\/site\/wp-json\/wp\/v2\/posts"}],"about":[{"href":"https:\/\/afpca.fr\/site\/wp-json\/wp\/v2\/types\/post"}],"author":[{"embeddable":true,"href":"https:\/\/afpca.fr\/site\/wp-json\/wp\/v2\/users\/10"}],"replies":[{"embeddable":true,"href":"https:\/\/afpca.fr\/site\/wp-json\/wp\/v2\/comments?post=2335"}],"version-history":[{"count":0,"href":"https:\/\/afpca.fr\/site\/wp-json\/wp\/v2\/posts\/2335\/revisions"}],"wp:attachment":[{"href":"https:\/\/afpca.fr\/site\/wp-json\/wp\/v2\/media?parent=2335"}],"wp:term":[{"taxonomy":"category","embeddable":true,"href":"https:\/\/afpca.fr\/site\/wp-json\/wp\/v2\/categories?post=2335"},{"taxonomy":"post_tag","embeddable":true,"href":"https:\/\/afpca.fr\/site\/wp-json\/wp\/v2\/tags?post=2335"}],"curies":[{"name":"wp","href":"https:\/\/api.w.org\/{rel}","templated":true}]}}