{"id":2854,"date":"2023-12-04T10:14:00","date_gmt":"2023-12-04T09:14:00","guid":{"rendered":"https:\/\/afpca.fr\/site\/?p=2854"},"modified":"2023-12-04T11:03:20","modified_gmt":"2023-12-04T10:03:20","slug":"journee-annuelle-de-la-plateforme-dexpertise-maladies-rares-paris-nord","status":"publish","type":"post","link":"https:\/\/afpca.fr\/site\/journee-annuelle-de-la-plateforme-dexpertise-maladies-rares-paris-nord\/","title":{"rendered":"D\u00e9cembre 2023 : journ\u00e9e annuelle de la plateforme d&#8217;expertise maladies rares Paris Nord"},"content":{"rendered":"\t\t<div data-elementor-type=\"wp-post\" data-elementor-id=\"2854\" class=\"elementor elementor-2854\">\n\t\t\t\t<div class=\"elementor-element elementor-element-1909091 e-flex e-con-boxed e-con e-parent\" data-id=\"1909091\" data-element_type=\"container\" data-e-type=\"container\">\n\t\t\t\t\t<div class=\"e-con-inner\">\n\t\t\t\t<div class=\"elementor-element elementor-element-52d5305 elementor-widget elementor-widget-text-editor\" data-id=\"52d5305\" data-element_type=\"widget\" data-e-type=\"widget\" data-widget_type=\"text-editor.default\">\n\t\t\t\t<div class=\"elementor-widget-container\">\n\t\t\t\t\t\t\t\t\t<p>Vous pouvez lire la pr\u00e9sentation diffus\u00e9e lors de la journ\u00e9e annuelle 2023 de la <a href=\"https:\/\/afpca.fr\/site\/wp-content\/uploads\/2023\/12\/Journee-annuelle-de-la-Plateforme-dexpertise-maladies-rares-Paris-Nord-2023.pdf\">Plateforme d&#8217;expertise maladies rares Paris Nord.\u00a0<\/a><\/p>\t\t\t\t\t\t\t\t<\/div>\n\t\t\t\t<\/div>\n\t\t\t\t\t<\/div>\n\t\t\t\t<\/div>\n\t\t\t\t<\/div>\n\t\t","protected":false},"excerpt":{"rendered":"<p>Vous pouvez lire la pr\u00e9sentation diffus\u00e9e lors de la journ\u00e9e annuelle 2023 de la Plateforme d&#8217;expertise maladies rares Paris Nord.\u00a0<\/p>\n","protected":false},"author":10,"featured_media":2860,"comment_status":"open","ping_status":"open","sticky":false,"template":"","format":"standard","meta":{"footnotes":""},"categories":[1],"tags":[],"class_list":{"0":"post-2854","1":"post","2":"type-post","3":"status-publish","4":"format-standard","5":"has-post-thumbnail","6":"hentry","7":"category-non-classe","9":"post-with-thumbnail","10":"post-with-thumbnail-large"},"yoast_head":"<!-- This site is optimized with the Yoast SEO plugin v27.4 - https:\/\/yoast.com\/product\/yoast-seo-wordpress\/ -->\n<title>D\u00e9cembre 2023 : journ\u00e9e annuelle de la plateforme d&#039;expertise maladies rares Paris Nord - Association Francophone Contre La Polychondrite Chronique Atrophiante<\/title>\n<meta name=\"robots\" content=\"index, follow, max-snippet:-1, max-image-preview:large, max-video-preview:-1\" \/>\n<link rel=\"canonical\" href=\"https:\/\/afpca.fr\/site\/journee-annuelle-de-la-plateforme-dexpertise-maladies-rares-paris-nord\/\" \/>\n<meta property=\"og:locale\" content=\"fr_FR\" \/>\n<meta property=\"og:type\" content=\"article\" \/>\n<meta property=\"og:title\" content=\"D\u00e9cembre 2023 : journ\u00e9e annuelle de la plateforme d&#039;expertise maladies rares Paris Nord - Association Francophone Contre La Polychondrite Chronique Atrophiante\" \/>\n<meta property=\"og:description\" content=\"Vous pouvez lire la pr\u00e9sentation diffus\u00e9e lors de la journ\u00e9e annuelle 2023 de la Plateforme d&#8217;expertise maladies rares Paris Nord.\u00a0\" \/>\n<meta property=\"og:url\" content=\"https:\/\/afpca.fr\/site\/journee-annuelle-de-la-plateforme-dexpertise-maladies-rares-paris-nord\/\" \/>\n<meta property=\"og:site_name\" content=\"Association Francophone Contre La Polychondrite Chronique Atrophiante\" \/>\n<meta property=\"article:publisher\" content=\"https:\/\/www.facebook.com\/groups\/42710644010\" \/>\n<meta property=\"article:published_time\" content=\"2023-12-04T09:14:00+00:00\" \/>\n<meta property=\"article:modified_time\" content=\"2023-12-04T10:03:20+00:00\" \/>\n<meta property=\"og:image\" content=\"https:\/\/afpca.fr\/site\/wp-content\/uploads\/2023\/12\/3emeplanmaldiesrares.jpg\" \/>\n\t<meta property=\"og:image:width\" content=\"600\" \/>\n\t<meta property=\"og:image:height\" content=\"335\" \/>\n\t<meta property=\"og:image:type\" content=\"image\/jpeg\" \/>\n<meta name=\"author\" content=\"webmaster_afpca\" \/>\n<meta name=\"twitter:card\" content=\"summary_large_image\" \/>\n<meta name=\"twitter:label1\" content=\"\u00c9crit par\" \/>\n\t<meta name=\"twitter:data1\" content=\"webmaster_afpca\" \/>\n<script type=\"application\/ld+json\" class=\"yoast-schema-graph\">{\"@context\":\"https:\\\/\\\/schema.org\",\"@graph\":[{\"@type\":\"Article\",\"@id\":\"https:\\\/\\\/afpca.fr\\\/site\\\/journee-annuelle-de-la-plateforme-dexpertise-maladies-rares-paris-nord\\\/#article\",\"isPartOf\":{\"@id\":\"https:\\\/\\\/afpca.fr\\\/site\\\/journee-annuelle-de-la-plateforme-dexpertise-maladies-rares-paris-nord\\\/\"},\"author\":{\"name\":\"webmaster_afpca\",\"@id\":\"https:\\\/\\\/afpca.fr\\\/site\\\/#\\\/schema\\\/person\\\/51c98554e1e9914c58daecf2d0e9822e\"},\"headline\":\"D\u00e9cembre 2023 : journ\u00e9e annuelle de la plateforme d&#8217;expertise maladies rares Paris Nord\",\"datePublished\":\"2023-12-04T09:14:00+00:00\",\"dateModified\":\"2023-12-04T10:03:20+00:00\",\"mainEntityOfPage\":{\"@id\":\"https:\\\/\\\/afpca.fr\\\/site\\\/journee-annuelle-de-la-plateforme-dexpertise-maladies-rares-paris-nord\\\/\"},\"wordCount\":37,\"commentCount\":0,\"publisher\":{\"@id\":\"https:\\\/\\\/afpca.fr\\\/site\\\/#organization\"},\"image\":{\"@id\":\"https:\\\/\\\/afpca.fr\\\/site\\\/journee-annuelle-de-la-plateforme-dexpertise-maladies-rares-paris-nord\\\/#primaryimage\"},\"thumbnailUrl\":\"https:\\\/\\\/afpca.fr\\\/site\\\/wp-content\\\/uploads\\\/2023\\\/12\\\/3emeplanmaldiesrares.jpg\",\"inLanguage\":\"fr-FR\",\"potentialAction\":[{\"@type\":\"CommentAction\",\"name\":\"Comment\",\"target\":[\"https:\\\/\\\/afpca.fr\\\/site\\\/journee-annuelle-de-la-plateforme-dexpertise-maladies-rares-paris-nord\\\/#respond\"]}]},{\"@type\":\"WebPage\",\"@id\":\"https:\\\/\\\/afpca.fr\\\/site\\\/journee-annuelle-de-la-plateforme-dexpertise-maladies-rares-paris-nord\\\/\",\"url\":\"https:\\\/\\\/afpca.fr\\\/site\\\/journee-annuelle-de-la-plateforme-dexpertise-maladies-rares-paris-nord\\\/\",\"name\":\"D\u00e9cembre 2023 : journ\u00e9e annuelle de la plateforme d'expertise maladies rares Paris Nord - Association Francophone Contre La Polychondrite Chronique Atrophiante\",\"isPartOf\":{\"@id\":\"https:\\\/\\\/afpca.fr\\\/site\\\/#website\"},\"primaryImageOfPage\":{\"@id\":\"https:\\\/\\\/afpca.fr\\\/site\\\/journee-annuelle-de-la-plateforme-dexpertise-maladies-rares-paris-nord\\\/#primaryimage\"},\"image\":{\"@id\":\"https:\\\/\\\/afpca.fr\\\/site\\\/journee-annuelle-de-la-plateforme-dexpertise-maladies-rares-paris-nord\\\/#primaryimage\"},\"thumbnailUrl\":\"https:\\\/\\\/afpca.fr\\\/site\\\/wp-content\\\/uploads\\\/2023\\\/12\\\/3emeplanmaldiesrares.jpg\",\"datePublished\":\"2023-12-04T09:14:00+00:00\",\"dateModified\":\"2023-12-04T10:03:20+00:00\",\"breadcrumb\":{\"@id\":\"https:\\\/\\\/afpca.fr\\\/site\\\/journee-annuelle-de-la-plateforme-dexpertise-maladies-rares-paris-nord\\\/#breadcrumb\"},\"inLanguage\":\"fr-FR\",\"potentialAction\":[{\"@type\":\"ReadAction\",\"target\":[\"https:\\\/\\\/afpca.fr\\\/site\\\/journee-annuelle-de-la-plateforme-dexpertise-maladies-rares-paris-nord\\\/\"]}]},{\"@type\":\"ImageObject\",\"inLanguage\":\"fr-FR\",\"@id\":\"https:\\\/\\\/afpca.fr\\\/site\\\/journee-annuelle-de-la-plateforme-dexpertise-maladies-rares-paris-nord\\\/#primaryimage\",\"url\":\"https:\\\/\\\/afpca.fr\\\/site\\\/wp-content\\\/uploads\\\/2023\\\/12\\\/3emeplanmaldiesrares.jpg\",\"contentUrl\":\"https:\\\/\\\/afpca.fr\\\/site\\\/wp-content\\\/uploads\\\/2023\\\/12\\\/3emeplanmaldiesrares.jpg\",\"width\":600,\"height\":335},{\"@type\":\"BreadcrumbList\",\"@id\":\"https:\\\/\\\/afpca.fr\\\/site\\\/journee-annuelle-de-la-plateforme-dexpertise-maladies-rares-paris-nord\\\/#breadcrumb\",\"itemListElement\":[{\"@type\":\"ListItem\",\"position\":1,\"name\":\"Accueil\",\"item\":\"https:\\\/\\\/afpca.fr\\\/site\\\/\"},{\"@type\":\"ListItem\",\"position\":2,\"name\":\"D\u00e9cembre 2023 : journ\u00e9e annuelle de la plateforme d&rsquo;expertise maladies rares Paris Nord\"}]},{\"@type\":\"WebSite\",\"@id\":\"https:\\\/\\\/afpca.fr\\\/site\\\/#website\",\"url\":\"https:\\\/\\\/afpca.fr\\\/site\\\/\",\"name\":\"Association Francophone Contre La Polychondrite Chronique Atrophiante\",\"description\":\"Association Francophone Contre La Polychondrite Chronique Atrophiante\",\"publisher\":{\"@id\":\"https:\\\/\\\/afpca.fr\\\/site\\\/#organization\"},\"potentialAction\":[{\"@type\":\"SearchAction\",\"target\":{\"@type\":\"EntryPoint\",\"urlTemplate\":\"https:\\\/\\\/afpca.fr\\\/site\\\/?s={search_term_string}\"},\"query-input\":{\"@type\":\"PropertyValueSpecification\",\"valueRequired\":true,\"valueName\":\"search_term_string\"}}],\"inLanguage\":\"fr-FR\"},{\"@type\":\"Organization\",\"@id\":\"https:\\\/\\\/afpca.fr\\\/site\\\/#organization\",\"name\":\"Association Francophone Contre La Polychondrite Chronique Atrophiante\",\"url\":\"https:\\\/\\\/afpca.fr\\\/site\\\/\",\"logo\":{\"@type\":\"ImageObject\",\"inLanguage\":\"fr-FR\",\"@id\":\"https:\\\/\\\/afpca.fr\\\/site\\\/#\\\/schema\\\/logo\\\/image\\\/\",\"url\":\"https:\\\/\\\/afpca.fr\\\/site\\\/wp-content\\\/uploads\\\/2023\\\/05\\\/LOGO_afpca.png\",\"contentUrl\":\"https:\\\/\\\/afpca.fr\\\/site\\\/wp-content\\\/uploads\\\/2023\\\/05\\\/LOGO_afpca.png\",\"width\":184,\"height\":184,\"caption\":\"Association Francophone Contre La Polychondrite Chronique Atrophiante\"},\"image\":{\"@id\":\"https:\\\/\\\/afpca.fr\\\/site\\\/#\\\/schema\\\/logo\\\/image\\\/\"},\"sameAs\":[\"https:\\\/\\\/www.facebook.com\\\/groups\\\/42710644010\"]},{\"@type\":\"Person\",\"@id\":\"https:\\\/\\\/afpca.fr\\\/site\\\/#\\\/schema\\\/person\\\/51c98554e1e9914c58daecf2d0e9822e\",\"name\":\"webmaster_afpca\",\"image\":{\"@type\":\"ImageObject\",\"inLanguage\":\"fr-FR\",\"@id\":\"https:\\\/\\\/secure.gravatar.com\\\/avatar\\\/8ceed7420502a29ef58778714f74aee5826a58566284b1b505f52207bb7285a5?s=96&d=mm&r=g\",\"url\":\"https:\\\/\\\/secure.gravatar.com\\\/avatar\\\/8ceed7420502a29ef58778714f74aee5826a58566284b1b505f52207bb7285a5?s=96&d=mm&r=g\",\"contentUrl\":\"https:\\\/\\\/secure.gravatar.com\\\/avatar\\\/8ceed7420502a29ef58778714f74aee5826a58566284b1b505f52207bb7285a5?s=96&d=mm&r=g\",\"caption\":\"webmaster_afpca\"},\"url\":\"https:\\\/\\\/afpca.fr\\\/site\\\/author\\\/webmaster_afpca\\\/\"}]}<\/script>\n<!-- \/ Yoast SEO plugin. -->","yoast_head_json":{"title":"D\u00e9cembre 2023 : journ\u00e9e annuelle de la plateforme d'expertise maladies rares Paris Nord - Association Francophone Contre La Polychondrite Chronique Atrophiante","robots":{"index":"index","follow":"follow","max-snippet":"max-snippet:-1","max-image-preview":"max-image-preview:large","max-video-preview":"max-video-preview:-1"},"canonical":"https:\/\/afpca.fr\/site\/journee-annuelle-de-la-plateforme-dexpertise-maladies-rares-paris-nord\/","og_locale":"fr_FR","og_type":"article","og_title":"D\u00e9cembre 2023 : journ\u00e9e annuelle de la plateforme d'expertise maladies rares Paris Nord - Association Francophone Contre La Polychondrite Chronique Atrophiante","og_description":"Vous pouvez lire la pr\u00e9sentation diffus\u00e9e lors de la journ\u00e9e annuelle 2023 de la Plateforme d&#8217;expertise maladies rares Paris Nord.\u00a0","og_url":"https:\/\/afpca.fr\/site\/journee-annuelle-de-la-plateforme-dexpertise-maladies-rares-paris-nord\/","og_site_name":"Association Francophone Contre La Polychondrite Chronique Atrophiante","article_publisher":"https:\/\/www.facebook.com\/groups\/42710644010","article_published_time":"2023-12-04T09:14:00+00:00","article_modified_time":"2023-12-04T10:03:20+00:00","og_image":[{"width":600,"height":335,"url":"https:\/\/afpca.fr\/site\/wp-content\/uploads\/2023\/12\/3emeplanmaldiesrares.jpg","type":"image\/jpeg"}],"author":"webmaster_afpca","twitter_card":"summary_large_image","twitter_misc":{"\u00c9crit par":"webmaster_afpca"},"schema":{"@context":"https:\/\/schema.org","@graph":[{"@type":"Article","@id":"https:\/\/afpca.fr\/site\/journee-annuelle-de-la-plateforme-dexpertise-maladies-rares-paris-nord\/#article","isPartOf":{"@id":"https:\/\/afpca.fr\/site\/journee-annuelle-de-la-plateforme-dexpertise-maladies-rares-paris-nord\/"},"author":{"name":"webmaster_afpca","@id":"https:\/\/afpca.fr\/site\/#\/schema\/person\/51c98554e1e9914c58daecf2d0e9822e"},"headline":"D\u00e9cembre 2023 : journ\u00e9e annuelle de la plateforme d&#8217;expertise maladies rares Paris Nord","datePublished":"2023-12-04T09:14:00+00:00","dateModified":"2023-12-04T10:03:20+00:00","mainEntityOfPage":{"@id":"https:\/\/afpca.fr\/site\/journee-annuelle-de-la-plateforme-dexpertise-maladies-rares-paris-nord\/"},"wordCount":37,"commentCount":0,"publisher":{"@id":"https:\/\/afpca.fr\/site\/#organization"},"image":{"@id":"https:\/\/afpca.fr\/site\/journee-annuelle-de-la-plateforme-dexpertise-maladies-rares-paris-nord\/#primaryimage"},"thumbnailUrl":"https:\/\/afpca.fr\/site\/wp-content\/uploads\/2023\/12\/3emeplanmaldiesrares.jpg","inLanguage":"fr-FR","potentialAction":[{"@type":"CommentAction","name":"Comment","target":["https:\/\/afpca.fr\/site\/journee-annuelle-de-la-plateforme-dexpertise-maladies-rares-paris-nord\/#respond"]}]},{"@type":"WebPage","@id":"https:\/\/afpca.fr\/site\/journee-annuelle-de-la-plateforme-dexpertise-maladies-rares-paris-nord\/","url":"https:\/\/afpca.fr\/site\/journee-annuelle-de-la-plateforme-dexpertise-maladies-rares-paris-nord\/","name":"D\u00e9cembre 2023 : journ\u00e9e annuelle de la plateforme d'expertise maladies rares Paris Nord - Association Francophone Contre La Polychondrite Chronique Atrophiante","isPartOf":{"@id":"https:\/\/afpca.fr\/site\/#website"},"primaryImageOfPage":{"@id":"https:\/\/afpca.fr\/site\/journee-annuelle-de-la-plateforme-dexpertise-maladies-rares-paris-nord\/#primaryimage"},"image":{"@id":"https:\/\/afpca.fr\/site\/journee-annuelle-de-la-plateforme-dexpertise-maladies-rares-paris-nord\/#primaryimage"},"thumbnailUrl":"https:\/\/afpca.fr\/site\/wp-content\/uploads\/2023\/12\/3emeplanmaldiesrares.jpg","datePublished":"2023-12-04T09:14:00+00:00","dateModified":"2023-12-04T10:03:20+00:00","breadcrumb":{"@id":"https:\/\/afpca.fr\/site\/journee-annuelle-de-la-plateforme-dexpertise-maladies-rares-paris-nord\/#breadcrumb"},"inLanguage":"fr-FR","potentialAction":[{"@type":"ReadAction","target":["https:\/\/afpca.fr\/site\/journee-annuelle-de-la-plateforme-dexpertise-maladies-rares-paris-nord\/"]}]},{"@type":"ImageObject","inLanguage":"fr-FR","@id":"https:\/\/afpca.fr\/site\/journee-annuelle-de-la-plateforme-dexpertise-maladies-rares-paris-nord\/#primaryimage","url":"https:\/\/afpca.fr\/site\/wp-content\/uploads\/2023\/12\/3emeplanmaldiesrares.jpg","contentUrl":"https:\/\/afpca.fr\/site\/wp-content\/uploads\/2023\/12\/3emeplanmaldiesrares.jpg","width":600,"height":335},{"@type":"BreadcrumbList","@id":"https:\/\/afpca.fr\/site\/journee-annuelle-de-la-plateforme-dexpertise-maladies-rares-paris-nord\/#breadcrumb","itemListElement":[{"@type":"ListItem","position":1,"name":"Accueil","item":"https:\/\/afpca.fr\/site\/"},{"@type":"ListItem","position":2,"name":"D\u00e9cembre 2023 : journ\u00e9e annuelle de la plateforme d&rsquo;expertise maladies rares Paris Nord"}]},{"@type":"WebSite","@id":"https:\/\/afpca.fr\/site\/#website","url":"https:\/\/afpca.fr\/site\/","name":"Association Francophone Contre La Polychondrite Chronique Atrophiante","description":"Association Francophone Contre La Polychondrite Chronique Atrophiante","publisher":{"@id":"https:\/\/afpca.fr\/site\/#organization"},"potentialAction":[{"@type":"SearchAction","target":{"@type":"EntryPoint","urlTemplate":"https:\/\/afpca.fr\/site\/?s={search_term_string}"},"query-input":{"@type":"PropertyValueSpecification","valueRequired":true,"valueName":"search_term_string"}}],"inLanguage":"fr-FR"},{"@type":"Organization","@id":"https:\/\/afpca.fr\/site\/#organization","name":"Association Francophone Contre La Polychondrite Chronique Atrophiante","url":"https:\/\/afpca.fr\/site\/","logo":{"@type":"ImageObject","inLanguage":"fr-FR","@id":"https:\/\/afpca.fr\/site\/#\/schema\/logo\/image\/","url":"https:\/\/afpca.fr\/site\/wp-content\/uploads\/2023\/05\/LOGO_afpca.png","contentUrl":"https:\/\/afpca.fr\/site\/wp-content\/uploads\/2023\/05\/LOGO_afpca.png","width":184,"height":184,"caption":"Association Francophone Contre La Polychondrite Chronique Atrophiante"},"image":{"@id":"https:\/\/afpca.fr\/site\/#\/schema\/logo\/image\/"},"sameAs":["https:\/\/www.facebook.com\/groups\/42710644010"]},{"@type":"Person","@id":"https:\/\/afpca.fr\/site\/#\/schema\/person\/51c98554e1e9914c58daecf2d0e9822e","name":"webmaster_afpca","image":{"@type":"ImageObject","inLanguage":"fr-FR","@id":"https:\/\/secure.gravatar.com\/avatar\/8ceed7420502a29ef58778714f74aee5826a58566284b1b505f52207bb7285a5?s=96&d=mm&r=g","url":"https:\/\/secure.gravatar.com\/avatar\/8ceed7420502a29ef58778714f74aee5826a58566284b1b505f52207bb7285a5?s=96&d=mm&r=g","contentUrl":"https:\/\/secure.gravatar.com\/avatar\/8ceed7420502a29ef58778714f74aee5826a58566284b1b505f52207bb7285a5?s=96&d=mm&r=g","caption":"webmaster_afpca"},"url":"https:\/\/afpca.fr\/site\/author\/webmaster_afpca\/"}]}},"_links":{"self":[{"href":"https:\/\/afpca.fr\/site\/wp-json\/wp\/v2\/posts\/2854","targetHints":{"allow":["GET"]}}],"collection":[{"href":"https:\/\/afpca.fr\/site\/wp-json\/wp\/v2\/posts"}],"about":[{"href":"https:\/\/afpca.fr\/site\/wp-json\/wp\/v2\/types\/post"}],"author":[{"embeddable":true,"href":"https:\/\/afpca.fr\/site\/wp-json\/wp\/v2\/users\/10"}],"replies":[{"embeddable":true,"href":"https:\/\/afpca.fr\/site\/wp-json\/wp\/v2\/comments?post=2854"}],"version-history":[{"count":0,"href":"https:\/\/afpca.fr\/site\/wp-json\/wp\/v2\/posts\/2854\/revisions"}],"wp:featuredmedia":[{"embeddable":true,"href":"https:\/\/afpca.fr\/site\/wp-json\/wp\/v2\/media\/2860"}],"wp:attachment":[{"href":"https:\/\/afpca.fr\/site\/wp-json\/wp\/v2\/media?parent=2854"}],"wp:term":[{"taxonomy":"category","embeddable":true,"href":"https:\/\/afpca.fr\/site\/wp-json\/wp\/v2\/categories?post=2854"},{"taxonomy":"post_tag","embeddable":true,"href":"https:\/\/afpca.fr\/site\/wp-json\/wp\/v2\/tags?post=2854"}],"curies":[{"name":"wp","href":"https:\/\/api.w.org\/{rel}","templated":true}]}}