{"id":3846,"date":"2024-05-29T08:55:57","date_gmt":"2024-05-29T06:55:57","guid":{"rendered":"https:\/\/afpca.fr\/site\/?p=3846"},"modified":"2024-11-04T18:20:02","modified_gmt":"2024-11-04T17:20:02","slug":"mai-2024-formulaire-complementaire-mdph-pour-les-handicaps-rares-et-les-maladies-rares","status":"publish","type":"post","link":"https:\/\/afpca.fr\/site\/mai-2024-formulaire-complementaire-mdph-pour-les-handicaps-rares-et-les-maladies-rares\/","title":{"rendered":"Mai 2024 : Formulaire compl\u00e9mentaire MDPH pour les handicaps rares et les maladies rares"},"content":{"rendered":"\t\t<div data-elementor-type=\"wp-post\" data-elementor-id=\"3846\" class=\"elementor elementor-3846\">\n\t\t\t\t<div class=\"elementor-element elementor-element-ae1ba24 e-flex e-con-boxed e-con e-parent\" data-id=\"ae1ba24\" data-element_type=\"container\" data-e-type=\"container\">\n\t\t\t\t\t<div class=\"e-con-inner\">\n\t\t\t\t<div class=\"elementor-element elementor-element-0c4d4f4 elementor-widget elementor-widget-text-editor\" data-id=\"0c4d4f4\" data-element_type=\"widget\" data-e-type=\"widget\" data-widget_type=\"text-editor.default\">\n\t\t\t\t<div class=\"elementor-widget-container\">\n\t\t\t\t\t\t\t\t\t<p><strong><a href=\"https:\/\/afpca.fr\/site\/wp-content\/uploads\/2024\/05\/Informations-complementaires-pour-la-MDPH-ou-la-MDA-20231024_optimise_-_cnsa_formulaire_information_complementaires_pour_la_mdph_ou_la_mda_fr_02-2.pdf\">T\u00e9l\u00e9charger le document compl\u00e9mentaire sur le site de l&#8217;AFPCA . <\/a><\/strong><strong>Destin\u00e9 aux adultes et aux enfants,<\/strong> ce document comprend une notice de remplissage et des annexes d\u00e9taill\u00e9es pour aider \u00e0 compl\u00e9ter le document.<\/p><p>Les Fili\u00e8res de Sant\u00e9 Maladies Rares (FSMR) sont heureuses de vous proposer un nouveau document qui vient compl\u00e9ter le dossier MDPH : \u00ab <strong>Le formulaire compl\u00e9mentaire pour les handicaps rares et les maladies rares<\/strong>\u00a0\u00bb.<\/p><p>Ce formulaire est issu d\u2019une collaboration entre les FSMR, le GNCHR (Groupement National de Coop\u00e9ration Handicaps Rares), les ERHR (Equipes Relai Handicaps Rares) et les repr\u00e9sentants d\u2019associations de patients avec l\u2019appui de la CNSA (Caisse nationale de solidarit\u00e9 pour l&#8217;autonomie).<\/p><p>Il permet \u00e0 toutes les personnes atteintes de handicaps rares ou de maladies rares, de transmettre \u00e0 la MDPH ou la MDA des informations plus compl\u00e8tes sur le retentissement du handicap et\/ou de la maladie sur leur vie quotidienne, pour une meilleure \u00e9valuation du dossier par la CDAPH (Commission des Droits et de l\u2019Autonomie des Personnes Handicap\u00e9es).<\/p><p>Ce formulaire compl\u00e9mentaire est facultatif. Il permet cependant \u00e0 la CDAPH de mieux comprendre les besoins de l\u2019usager en recueillant son exp\u00e9rience personnelle sur diff\u00e9rents aspects de sa vie quotidienne comme :\u00a0<\/p><p><img decoding=\"async\" class=\"emoji\" role=\"img\" draggable=\"false\" src=\"https:\/\/s.w.org\/images\/core\/emoji\/15.0.3\/svg\/2705.svg\" alt=\"\u2705\" \/> Capacit\u00e9 \u00e0 r\u00e9aliser les activit\u00e9s de la vie quotidienne (mobilit\u00e9, autonomie personnelle et intime, capacit\u00e9 \u00e0 communiquer, t\u00e2ches m\u00e9nag\u00e8res et vie courante, relations avec les autres et le monde ext\u00e9rieur, la vie scolaire et professionnelle\u2026)<\/p><p><img decoding=\"async\" class=\"emoji\" role=\"img\" draggable=\"false\" src=\"https:\/\/s.w.org\/images\/core\/emoji\/15.0.3\/svg\/2705.svg\" alt=\"\u2705\" \/> Aides r\u00e9guli\u00e8res qui sont d\u00e9j\u00e0 mises en place pour l\u2019usager et ses aidants dans leur vie quotidienne (entourage, soins \u00e0 domicile, services et\/ou \u00e9tablissement m\u00e9dico-social, vos activit\u00e9s\u2026)<\/p><p><img decoding=\"async\" class=\"emoji\" role=\"img\" draggable=\"false\" src=\"https:\/\/s.w.org\/images\/core\/emoji\/15.0.3\/svg\/2705.svg\" alt=\"\u2705\" \/> D\u00e9roulement de leur semaine type avec leurs activit\u00e9s et besoins d\u2019accompagnement et de prise en charge<\/p><p><img decoding=\"async\" class=\"emoji\" role=\"img\" draggable=\"false\" src=\"https:\/\/s.w.org\/images\/core\/emoji\/15.0.3\/svg\/2705.svg\" alt=\"\u2705\" \/> Impact et caract\u00e8re impr\u00e9visible, \u00e9volutif et\/ou invisible de la maladie, du handicap, et comment cela se traduit dans leur quotidien<\/p><p>\u00a0<\/p><p>\u00a0<\/p>\t\t\t\t\t\t\t\t<\/div>\n\t\t\t\t<\/div>\n\t\t\t\t\t<\/div>\n\t\t\t\t<\/div>\n\t\t\t\t<\/div>\n\t\t","protected":false},"excerpt":{"rendered":"<p>T\u00e9l\u00e9charger le document compl\u00e9mentaire sur le site de l&#8217;AFPCA . Destin\u00e9 aux adultes et aux enfants, ce document comprend une notice de remplissage et des annexes d\u00e9taill\u00e9es pour aider \u00e0 compl\u00e9ter le document. Les Fili\u00e8res de Sant\u00e9 Maladies Rares (FSMR) sont heureuses de vous proposer un nouveau document qui vient compl\u00e9ter le dossier MDPH : [&hellip;]<\/p>\n","protected":false},"author":10,"featured_media":3913,"comment_status":"open","ping_status":"open","sticky":false,"template":"","format":"standard","meta":{"footnotes":""},"categories":[1],"tags":[],"class_list":{"0":"post-3846","1":"post","2":"type-post","3":"status-publish","4":"format-standard","5":"has-post-thumbnail","6":"hentry","7":"category-non-classe","9":"post-with-thumbnail","10":"post-with-thumbnail-large"},"yoast_head":"<!-- This site is optimized with the Yoast SEO plugin v27.5 - https:\/\/yoast.com\/product\/yoast-seo-wordpress\/ -->\n<title>Mai 2024 : Formulaire compl\u00e9mentaire MDPH pour les handicaps rares et les maladies rares - Association Francophone Contre La Polychondrite Chronique Atrophiante<\/title>\n<meta name=\"robots\" content=\"index, follow, max-snippet:-1, max-image-preview:large, max-video-preview:-1\" \/>\n<link rel=\"canonical\" href=\"https:\/\/afpca.fr\/site\/mai-2024-formulaire-complementaire-mdph-pour-les-handicaps-rares-et-les-maladies-rares\/\" \/>\n<meta property=\"og:locale\" content=\"fr_FR\" \/>\n<meta property=\"og:type\" content=\"article\" \/>\n<meta property=\"og:title\" content=\"Mai 2024 : Formulaire compl\u00e9mentaire MDPH pour les handicaps rares et les maladies rares - Association Francophone Contre La Polychondrite Chronique Atrophiante\" \/>\n<meta property=\"og:description\" content=\"T\u00e9l\u00e9charger le document compl\u00e9mentaire sur le site de l&#8217;AFPCA . Destin\u00e9 aux adultes et aux enfants, ce document comprend une notice de remplissage et des annexes d\u00e9taill\u00e9es pour aider \u00e0 compl\u00e9ter le document. Les Fili\u00e8res de Sant\u00e9 Maladies Rares (FSMR) sont heureuses de vous proposer un nouveau document qui vient compl\u00e9ter le dossier MDPH : [&hellip;]\" \/>\n<meta property=\"og:url\" content=\"https:\/\/afpca.fr\/site\/mai-2024-formulaire-complementaire-mdph-pour-les-handicaps-rares-et-les-maladies-rares\/\" \/>\n<meta property=\"og:site_name\" content=\"Association Francophone Contre La Polychondrite Chronique Atrophiante\" \/>\n<meta property=\"article:publisher\" content=\"https:\/\/www.facebook.com\/groups\/42710644010\" \/>\n<meta property=\"article:published_time\" content=\"2024-05-29T06:55:57+00:00\" \/>\n<meta property=\"article:modified_time\" content=\"2024-11-04T17:20:02+00:00\" \/>\n<meta property=\"og:image\" content=\"https:\/\/afpca.fr\/site\/wp-content\/uploads\/2024\/05\/Capture.png\" \/>\n\t<meta property=\"og:image:width\" content=\"671\" \/>\n\t<meta property=\"og:image:height\" content=\"360\" \/>\n\t<meta property=\"og:image:type\" content=\"image\/png\" \/>\n<meta name=\"author\" content=\"webmaster_afpca\" \/>\n<meta name=\"twitter:card\" content=\"summary_large_image\" \/>\n<meta name=\"twitter:label1\" content=\"\u00c9crit par\" \/>\n\t<meta name=\"twitter:data1\" content=\"webmaster_afpca\" \/>\n\t<meta name=\"twitter:label2\" content=\"Dur\u00e9e de lecture estim\u00e9e\" \/>\n\t<meta name=\"twitter:data2\" content=\"2 minutes\" \/>\n<script type=\"application\/ld+json\" class=\"yoast-schema-graph\">{\"@context\":\"https:\\\/\\\/schema.org\",\"@graph\":[{\"@type\":\"Article\",\"@id\":\"https:\\\/\\\/afpca.fr\\\/site\\\/mai-2024-formulaire-complementaire-mdph-pour-les-handicaps-rares-et-les-maladies-rares\\\/#article\",\"isPartOf\":{\"@id\":\"https:\\\/\\\/afpca.fr\\\/site\\\/mai-2024-formulaire-complementaire-mdph-pour-les-handicaps-rares-et-les-maladies-rares\\\/\"},\"author\":{\"name\":\"webmaster_afpca\",\"@id\":\"https:\\\/\\\/afpca.fr\\\/site\\\/#\\\/schema\\\/person\\\/51c98554e1e9914c58daecf2d0e9822e\"},\"headline\":\"Mai 2024 : Formulaire compl\u00e9mentaire MDPH pour les handicaps rares et les maladies rares\",\"datePublished\":\"2024-05-29T06:55:57+00:00\",\"dateModified\":\"2024-11-04T17:20:02+00:00\",\"mainEntityOfPage\":{\"@id\":\"https:\\\/\\\/afpca.fr\\\/site\\\/mai-2024-formulaire-complementaire-mdph-pour-les-handicaps-rares-et-les-maladies-rares\\\/\"},\"wordCount\":339,\"commentCount\":0,\"publisher\":{\"@id\":\"https:\\\/\\\/afpca.fr\\\/site\\\/#organization\"},\"image\":{\"@id\":\"https:\\\/\\\/afpca.fr\\\/site\\\/mai-2024-formulaire-complementaire-mdph-pour-les-handicaps-rares-et-les-maladies-rares\\\/#primaryimage\"},\"thumbnailUrl\":\"https:\\\/\\\/afpca.fr\\\/site\\\/wp-content\\\/uploads\\\/2024\\\/05\\\/Capture.png\",\"inLanguage\":\"fr-FR\",\"potentialAction\":[{\"@type\":\"CommentAction\",\"name\":\"Comment\",\"target\":[\"https:\\\/\\\/afpca.fr\\\/site\\\/mai-2024-formulaire-complementaire-mdph-pour-les-handicaps-rares-et-les-maladies-rares\\\/#respond\"]}]},{\"@type\":\"WebPage\",\"@id\":\"https:\\\/\\\/afpca.fr\\\/site\\\/mai-2024-formulaire-complementaire-mdph-pour-les-handicaps-rares-et-les-maladies-rares\\\/\",\"url\":\"https:\\\/\\\/afpca.fr\\\/site\\\/mai-2024-formulaire-complementaire-mdph-pour-les-handicaps-rares-et-les-maladies-rares\\\/\",\"name\":\"Mai 2024 : Formulaire compl\u00e9mentaire MDPH pour les handicaps rares et les maladies rares - Association Francophone Contre La Polychondrite Chronique Atrophiante\",\"isPartOf\":{\"@id\":\"https:\\\/\\\/afpca.fr\\\/site\\\/#website\"},\"primaryImageOfPage\":{\"@id\":\"https:\\\/\\\/afpca.fr\\\/site\\\/mai-2024-formulaire-complementaire-mdph-pour-les-handicaps-rares-et-les-maladies-rares\\\/#primaryimage\"},\"image\":{\"@id\":\"https:\\\/\\\/afpca.fr\\\/site\\\/mai-2024-formulaire-complementaire-mdph-pour-les-handicaps-rares-et-les-maladies-rares\\\/#primaryimage\"},\"thumbnailUrl\":\"https:\\\/\\\/afpca.fr\\\/site\\\/wp-content\\\/uploads\\\/2024\\\/05\\\/Capture.png\",\"datePublished\":\"2024-05-29T06:55:57+00:00\",\"dateModified\":\"2024-11-04T17:20:02+00:00\",\"breadcrumb\":{\"@id\":\"https:\\\/\\\/afpca.fr\\\/site\\\/mai-2024-formulaire-complementaire-mdph-pour-les-handicaps-rares-et-les-maladies-rares\\\/#breadcrumb\"},\"inLanguage\":\"fr-FR\",\"potentialAction\":[{\"@type\":\"ReadAction\",\"target\":[\"https:\\\/\\\/afpca.fr\\\/site\\\/mai-2024-formulaire-complementaire-mdph-pour-les-handicaps-rares-et-les-maladies-rares\\\/\"]}]},{\"@type\":\"ImageObject\",\"inLanguage\":\"fr-FR\",\"@id\":\"https:\\\/\\\/afpca.fr\\\/site\\\/mai-2024-formulaire-complementaire-mdph-pour-les-handicaps-rares-et-les-maladies-rares\\\/#primaryimage\",\"url\":\"https:\\\/\\\/afpca.fr\\\/site\\\/wp-content\\\/uploads\\\/2024\\\/05\\\/Capture.png\",\"contentUrl\":\"https:\\\/\\\/afpca.fr\\\/site\\\/wp-content\\\/uploads\\\/2024\\\/05\\\/Capture.png\",\"width\":671,\"height\":360},{\"@type\":\"BreadcrumbList\",\"@id\":\"https:\\\/\\\/afpca.fr\\\/site\\\/mai-2024-formulaire-complementaire-mdph-pour-les-handicaps-rares-et-les-maladies-rares\\\/#breadcrumb\",\"itemListElement\":[{\"@type\":\"ListItem\",\"position\":1,\"name\":\"Accueil\",\"item\":\"https:\\\/\\\/afpca.fr\\\/site\\\/\"},{\"@type\":\"ListItem\",\"position\":2,\"name\":\"Mai 2024 : Formulaire compl\u00e9mentaire MDPH pour les handicaps rares et les maladies rares\"}]},{\"@type\":\"WebSite\",\"@id\":\"https:\\\/\\\/afpca.fr\\\/site\\\/#website\",\"url\":\"https:\\\/\\\/afpca.fr\\\/site\\\/\",\"name\":\"Association Francophone Contre La Polychondrite Chronique Atrophiante\",\"description\":\"Association Francophone Contre La Polychondrite Chronique Atrophiante\",\"publisher\":{\"@id\":\"https:\\\/\\\/afpca.fr\\\/site\\\/#organization\"},\"potentialAction\":[{\"@type\":\"SearchAction\",\"target\":{\"@type\":\"EntryPoint\",\"urlTemplate\":\"https:\\\/\\\/afpca.fr\\\/site\\\/?s={search_term_string}\"},\"query-input\":{\"@type\":\"PropertyValueSpecification\",\"valueRequired\":true,\"valueName\":\"search_term_string\"}}],\"inLanguage\":\"fr-FR\"},{\"@type\":\"Organization\",\"@id\":\"https:\\\/\\\/afpca.fr\\\/site\\\/#organization\",\"name\":\"Association Francophone Contre La Polychondrite Chronique Atrophiante\",\"url\":\"https:\\\/\\\/afpca.fr\\\/site\\\/\",\"logo\":{\"@type\":\"ImageObject\",\"inLanguage\":\"fr-FR\",\"@id\":\"https:\\\/\\\/afpca.fr\\\/site\\\/#\\\/schema\\\/logo\\\/image\\\/\",\"url\":\"https:\\\/\\\/afpca.fr\\\/site\\\/wp-content\\\/uploads\\\/2023\\\/05\\\/LOGO_afpca.png\",\"contentUrl\":\"https:\\\/\\\/afpca.fr\\\/site\\\/wp-content\\\/uploads\\\/2023\\\/05\\\/LOGO_afpca.png\",\"width\":184,\"height\":184,\"caption\":\"Association Francophone Contre La Polychondrite Chronique Atrophiante\"},\"image\":{\"@id\":\"https:\\\/\\\/afpca.fr\\\/site\\\/#\\\/schema\\\/logo\\\/image\\\/\"},\"sameAs\":[\"https:\\\/\\\/www.facebook.com\\\/groups\\\/42710644010\"]},{\"@type\":\"Person\",\"@id\":\"https:\\\/\\\/afpca.fr\\\/site\\\/#\\\/schema\\\/person\\\/51c98554e1e9914c58daecf2d0e9822e\",\"name\":\"webmaster_afpca\",\"image\":{\"@type\":\"ImageObject\",\"inLanguage\":\"fr-FR\",\"@id\":\"https:\\\/\\\/secure.gravatar.com\\\/avatar\\\/8ceed7420502a29ef58778714f74aee5826a58566284b1b505f52207bb7285a5?s=96&d=mm&r=g\",\"url\":\"https:\\\/\\\/secure.gravatar.com\\\/avatar\\\/8ceed7420502a29ef58778714f74aee5826a58566284b1b505f52207bb7285a5?s=96&d=mm&r=g\",\"contentUrl\":\"https:\\\/\\\/secure.gravatar.com\\\/avatar\\\/8ceed7420502a29ef58778714f74aee5826a58566284b1b505f52207bb7285a5?s=96&d=mm&r=g\",\"caption\":\"webmaster_afpca\"},\"url\":\"https:\\\/\\\/afpca.fr\\\/site\\\/author\\\/webmaster_afpca\\\/\"}]}<\/script>\n<!-- \/ Yoast SEO plugin. -->","yoast_head_json":{"title":"Mai 2024 : Formulaire compl\u00e9mentaire MDPH pour les handicaps rares et les maladies rares - Association Francophone Contre La Polychondrite Chronique Atrophiante","robots":{"index":"index","follow":"follow","max-snippet":"max-snippet:-1","max-image-preview":"max-image-preview:large","max-video-preview":"max-video-preview:-1"},"canonical":"https:\/\/afpca.fr\/site\/mai-2024-formulaire-complementaire-mdph-pour-les-handicaps-rares-et-les-maladies-rares\/","og_locale":"fr_FR","og_type":"article","og_title":"Mai 2024 : Formulaire compl\u00e9mentaire MDPH pour les handicaps rares et les maladies rares - Association Francophone Contre La Polychondrite Chronique Atrophiante","og_description":"T\u00e9l\u00e9charger le document compl\u00e9mentaire sur le site de l&#8217;AFPCA . Destin\u00e9 aux adultes et aux enfants, ce document comprend une notice de remplissage et des annexes d\u00e9taill\u00e9es pour aider \u00e0 compl\u00e9ter le document. Les Fili\u00e8res de Sant\u00e9 Maladies Rares (FSMR) sont heureuses de vous proposer un nouveau document qui vient compl\u00e9ter le dossier MDPH : [&hellip;]","og_url":"https:\/\/afpca.fr\/site\/mai-2024-formulaire-complementaire-mdph-pour-les-handicaps-rares-et-les-maladies-rares\/","og_site_name":"Association Francophone Contre La Polychondrite Chronique Atrophiante","article_publisher":"https:\/\/www.facebook.com\/groups\/42710644010","article_published_time":"2024-05-29T06:55:57+00:00","article_modified_time":"2024-11-04T17:20:02+00:00","og_image":[{"width":671,"height":360,"url":"https:\/\/afpca.fr\/site\/wp-content\/uploads\/2024\/05\/Capture.png","type":"image\/png"}],"author":"webmaster_afpca","twitter_card":"summary_large_image","twitter_misc":{"\u00c9crit par":"webmaster_afpca","Dur\u00e9e de lecture estim\u00e9e":"2 minutes"},"schema":{"@context":"https:\/\/schema.org","@graph":[{"@type":"Article","@id":"https:\/\/afpca.fr\/site\/mai-2024-formulaire-complementaire-mdph-pour-les-handicaps-rares-et-les-maladies-rares\/#article","isPartOf":{"@id":"https:\/\/afpca.fr\/site\/mai-2024-formulaire-complementaire-mdph-pour-les-handicaps-rares-et-les-maladies-rares\/"},"author":{"name":"webmaster_afpca","@id":"https:\/\/afpca.fr\/site\/#\/schema\/person\/51c98554e1e9914c58daecf2d0e9822e"},"headline":"Mai 2024 : Formulaire compl\u00e9mentaire MDPH pour les handicaps rares et les maladies rares","datePublished":"2024-05-29T06:55:57+00:00","dateModified":"2024-11-04T17:20:02+00:00","mainEntityOfPage":{"@id":"https:\/\/afpca.fr\/site\/mai-2024-formulaire-complementaire-mdph-pour-les-handicaps-rares-et-les-maladies-rares\/"},"wordCount":339,"commentCount":0,"publisher":{"@id":"https:\/\/afpca.fr\/site\/#organization"},"image":{"@id":"https:\/\/afpca.fr\/site\/mai-2024-formulaire-complementaire-mdph-pour-les-handicaps-rares-et-les-maladies-rares\/#primaryimage"},"thumbnailUrl":"https:\/\/afpca.fr\/site\/wp-content\/uploads\/2024\/05\/Capture.png","inLanguage":"fr-FR","potentialAction":[{"@type":"CommentAction","name":"Comment","target":["https:\/\/afpca.fr\/site\/mai-2024-formulaire-complementaire-mdph-pour-les-handicaps-rares-et-les-maladies-rares\/#respond"]}]},{"@type":"WebPage","@id":"https:\/\/afpca.fr\/site\/mai-2024-formulaire-complementaire-mdph-pour-les-handicaps-rares-et-les-maladies-rares\/","url":"https:\/\/afpca.fr\/site\/mai-2024-formulaire-complementaire-mdph-pour-les-handicaps-rares-et-les-maladies-rares\/","name":"Mai 2024 : Formulaire compl\u00e9mentaire MDPH pour les handicaps rares et les maladies rares - Association Francophone Contre La Polychondrite Chronique Atrophiante","isPartOf":{"@id":"https:\/\/afpca.fr\/site\/#website"},"primaryImageOfPage":{"@id":"https:\/\/afpca.fr\/site\/mai-2024-formulaire-complementaire-mdph-pour-les-handicaps-rares-et-les-maladies-rares\/#primaryimage"},"image":{"@id":"https:\/\/afpca.fr\/site\/mai-2024-formulaire-complementaire-mdph-pour-les-handicaps-rares-et-les-maladies-rares\/#primaryimage"},"thumbnailUrl":"https:\/\/afpca.fr\/site\/wp-content\/uploads\/2024\/05\/Capture.png","datePublished":"2024-05-29T06:55:57+00:00","dateModified":"2024-11-04T17:20:02+00:00","breadcrumb":{"@id":"https:\/\/afpca.fr\/site\/mai-2024-formulaire-complementaire-mdph-pour-les-handicaps-rares-et-les-maladies-rares\/#breadcrumb"},"inLanguage":"fr-FR","potentialAction":[{"@type":"ReadAction","target":["https:\/\/afpca.fr\/site\/mai-2024-formulaire-complementaire-mdph-pour-les-handicaps-rares-et-les-maladies-rares\/"]}]},{"@type":"ImageObject","inLanguage":"fr-FR","@id":"https:\/\/afpca.fr\/site\/mai-2024-formulaire-complementaire-mdph-pour-les-handicaps-rares-et-les-maladies-rares\/#primaryimage","url":"https:\/\/afpca.fr\/site\/wp-content\/uploads\/2024\/05\/Capture.png","contentUrl":"https:\/\/afpca.fr\/site\/wp-content\/uploads\/2024\/05\/Capture.png","width":671,"height":360},{"@type":"BreadcrumbList","@id":"https:\/\/afpca.fr\/site\/mai-2024-formulaire-complementaire-mdph-pour-les-handicaps-rares-et-les-maladies-rares\/#breadcrumb","itemListElement":[{"@type":"ListItem","position":1,"name":"Accueil","item":"https:\/\/afpca.fr\/site\/"},{"@type":"ListItem","position":2,"name":"Mai 2024 : Formulaire compl\u00e9mentaire MDPH pour les handicaps rares et les maladies rares"}]},{"@type":"WebSite","@id":"https:\/\/afpca.fr\/site\/#website","url":"https:\/\/afpca.fr\/site\/","name":"Association Francophone Contre La Polychondrite Chronique Atrophiante","description":"Association Francophone Contre La Polychondrite Chronique Atrophiante","publisher":{"@id":"https:\/\/afpca.fr\/site\/#organization"},"potentialAction":[{"@type":"SearchAction","target":{"@type":"EntryPoint","urlTemplate":"https:\/\/afpca.fr\/site\/?s={search_term_string}"},"query-input":{"@type":"PropertyValueSpecification","valueRequired":true,"valueName":"search_term_string"}}],"inLanguage":"fr-FR"},{"@type":"Organization","@id":"https:\/\/afpca.fr\/site\/#organization","name":"Association Francophone Contre La Polychondrite Chronique Atrophiante","url":"https:\/\/afpca.fr\/site\/","logo":{"@type":"ImageObject","inLanguage":"fr-FR","@id":"https:\/\/afpca.fr\/site\/#\/schema\/logo\/image\/","url":"https:\/\/afpca.fr\/site\/wp-content\/uploads\/2023\/05\/LOGO_afpca.png","contentUrl":"https:\/\/afpca.fr\/site\/wp-content\/uploads\/2023\/05\/LOGO_afpca.png","width":184,"height":184,"caption":"Association Francophone Contre La Polychondrite Chronique Atrophiante"},"image":{"@id":"https:\/\/afpca.fr\/site\/#\/schema\/logo\/image\/"},"sameAs":["https:\/\/www.facebook.com\/groups\/42710644010"]},{"@type":"Person","@id":"https:\/\/afpca.fr\/site\/#\/schema\/person\/51c98554e1e9914c58daecf2d0e9822e","name":"webmaster_afpca","image":{"@type":"ImageObject","inLanguage":"fr-FR","@id":"https:\/\/secure.gravatar.com\/avatar\/8ceed7420502a29ef58778714f74aee5826a58566284b1b505f52207bb7285a5?s=96&d=mm&r=g","url":"https:\/\/secure.gravatar.com\/avatar\/8ceed7420502a29ef58778714f74aee5826a58566284b1b505f52207bb7285a5?s=96&d=mm&r=g","contentUrl":"https:\/\/secure.gravatar.com\/avatar\/8ceed7420502a29ef58778714f74aee5826a58566284b1b505f52207bb7285a5?s=96&d=mm&r=g","caption":"webmaster_afpca"},"url":"https:\/\/afpca.fr\/site\/author\/webmaster_afpca\/"}]}},"_links":{"self":[{"href":"https:\/\/afpca.fr\/site\/wp-json\/wp\/v2\/posts\/3846","targetHints":{"allow":["GET"]}}],"collection":[{"href":"https:\/\/afpca.fr\/site\/wp-json\/wp\/v2\/posts"}],"about":[{"href":"https:\/\/afpca.fr\/site\/wp-json\/wp\/v2\/types\/post"}],"author":[{"embeddable":true,"href":"https:\/\/afpca.fr\/site\/wp-json\/wp\/v2\/users\/10"}],"replies":[{"embeddable":true,"href":"https:\/\/afpca.fr\/site\/wp-json\/wp\/v2\/comments?post=3846"}],"version-history":[{"count":28,"href":"https:\/\/afpca.fr\/site\/wp-json\/wp\/v2\/posts\/3846\/revisions"}],"predecessor-version":[{"id":4107,"href":"https:\/\/afpca.fr\/site\/wp-json\/wp\/v2\/posts\/3846\/revisions\/4107"}],"wp:featuredmedia":[{"embeddable":true,"href":"https:\/\/afpca.fr\/site\/wp-json\/wp\/v2\/media\/3913"}],"wp:attachment":[{"href":"https:\/\/afpca.fr\/site\/wp-json\/wp\/v2\/media?parent=3846"}],"wp:term":[{"taxonomy":"category","embeddable":true,"href":"https:\/\/afpca.fr\/site\/wp-json\/wp\/v2\/categories?post=3846"},{"taxonomy":"post_tag","embeddable":true,"href":"https:\/\/afpca.fr\/site\/wp-json\/wp\/v2\/tags?post=3846"}],"curies":[{"name":"wp","href":"https:\/\/api.w.org\/{rel}","templated":true}]}}