{"id":4256,"date":"2024-12-03T15:10:57","date_gmt":"2024-12-03T14:10:57","guid":{"rendered":"https:\/\/afpca.fr\/site\/?p=4256"},"modified":"2024-12-03T15:34:17","modified_gmt":"2024-12-03T14:34:17","slug":"grand-maitre-de-la-commanderie-du-forez-des-anysetiers-pierre-gioia-nous-presente-quelques-unes-des-nombreuses-associations-caritatives-que-le-club-service-accompagne","status":"publish","type":"post","link":"https:\/\/afpca.fr\/site\/grand-maitre-de-la-commanderie-du-forez-des-anysetiers-pierre-gioia-nous-presente-quelques-unes-des-nombreuses-associations-caritatives-que-le-club-service-accompagne\/","title":{"rendered":"D\u00e9cembre 2024 : Grand ma\u00eetre de la commanderie du Forez des Anysetiers, Pierre Gioia, nous pr\u00e9sente quelques-unes des nombreuses associations caritatives que le club service accompagne"},"content":{"rendered":"\t\t<div data-elementor-type=\"wp-post\" data-elementor-id=\"4256\" class=\"elementor elementor-4256\">\n\t\t\t\t<div class=\"elementor-element elementor-element-8f06352 e-flex e-con-boxed e-con e-parent\" data-id=\"8f06352\" data-element_type=\"container\" data-e-type=\"container\">\n\t\t\t\t\t<div class=\"e-con-inner\">\n\t\t\t\t<div class=\"elementor-element elementor-element-285d879 elementor-widget elementor-widget-text-editor\" data-id=\"285d879\" data-element_type=\"widget\" data-e-type=\"widget\" data-widget_type=\"text-editor.default\">\n\t\t\t\t<div class=\"elementor-widget-container\">\n\t\t\t\t\t\t\t\t\t<p><a href=\"https:\/\/www.youtube.com\/watch?v=FwOSb2OlNVg\">voir la vid\u00e9o sur YouTube :<\/a>\u00a0 \u00a0Grand ma\u00eetre de la commanderie du Forez des Anysetiers, Pierre Gioia, nous pr\u00e9sente quelques-unes des nombreuses associations caritatives que le club service accompagne. C&#8217;est le cas de l&#8217;association francophone contre une maladie rare que pr\u00e9side Pascale Goute qui se mobilise pour la recherche. Entretien enregistr\u00e9 le 30 novembre 2024 au Restaurant le Phoenix Saint-Chamond. \u202a@RadioGaga42000\u202c fait par des b\u00e9n\u00e9voles pour le plaisir.<\/p><p>Interview : Patrick Fran\u00e7on Captation et montage : Gilles Charles\u00a0<\/p><p>Nous suivre et liker notre page \u25ba Facebook\/Radio GAGA<\/p>\t\t\t\t\t\t\t\t<\/div>\n\t\t\t\t<\/div>\n\t\t\t\t\t<\/div>\n\t\t\t\t<\/div>\n\t\t<div class=\"elementor-element elementor-element-e3badaa e-flex e-con-boxed e-con e-parent\" data-id=\"e3badaa\" data-element_type=\"container\" data-e-type=\"container\">\n\t\t\t\t\t<div class=\"e-con-inner\">\n\t\t\t\t<div class=\"elementor-element elementor-element-8996d57 elementor-widget elementor-widget-video\" data-id=\"8996d57\" data-element_type=\"widget\" data-e-type=\"widget\" data-settings=\"{&quot;youtube_url&quot;:&quot;https:\\\/\\\/www.youtube.com\\\/watch?v=FwOSb2OlNVg&quot;,&quot;video_type&quot;:&quot;youtube&quot;,&quot;controls&quot;:&quot;yes&quot;}\" data-widget_type=\"video.default\">\n\t\t\t\t<div class=\"elementor-widget-container\">\n\t\t\t\t\t\t\t<div class=\"elementor-wrapper elementor-open-inline\">\n\t\t\t<div class=\"elementor-video\"><\/div>\t\t<\/div>\n\t\t\t\t\t\t<\/div>\n\t\t\t\t<\/div>\n\t\t\t\t\t<\/div>\n\t\t\t\t<\/div>\n\t\t\t\t<\/div>\n\t\t","protected":false},"excerpt":{"rendered":"<p>voir la vid\u00e9o sur YouTube :\u00a0 \u00a0Grand ma\u00eetre de la commanderie du Forez des Anysetiers, Pierre Gioia, nous pr\u00e9sente quelques-unes des nombreuses associations caritatives que le club service accompagne. C&#8217;est le cas de l&#8217;association francophone contre une maladie rare que pr\u00e9side Pascale Goute qui se mobilise pour la recherche. Entretien enregistr\u00e9 le 30 novembre 2024 [&hellip;]<\/p>\n","protected":false},"author":10,"featured_media":4274,"comment_status":"open","ping_status":"open","sticky":false,"template":"","format":"standard","meta":{"footnotes":""},"categories":[1],"tags":[],"class_list":{"0":"post-4256","1":"post","2":"type-post","3":"status-publish","4":"format-standard","5":"has-post-thumbnail","6":"hentry","7":"category-non-classe","9":"post-with-thumbnail","10":"post-with-thumbnail-large"},"yoast_head":"<!-- This site is optimized with the Yoast SEO plugin v27.4 - https:\/\/yoast.com\/product\/yoast-seo-wordpress\/ -->\n<title>D\u00e9cembre 2024 : Grand ma\u00eetre de la commanderie du Forez des Anysetiers, Pierre Gioia, nous pr\u00e9sente quelques-unes des nombreuses associations caritatives que le club service accompagne - Association Francophone Contre La Polychondrite Chronique Atrophiante<\/title>\n<meta name=\"robots\" content=\"index, follow, max-snippet:-1, max-image-preview:large, max-video-preview:-1\" \/>\n<link rel=\"canonical\" href=\"https:\/\/afpca.fr\/site\/grand-maitre-de-la-commanderie-du-forez-des-anysetiers-pierre-gioia-nous-presente-quelques-unes-des-nombreuses-associations-caritatives-que-le-club-service-accompagne\/\" \/>\n<meta property=\"og:locale\" content=\"fr_FR\" \/>\n<meta property=\"og:type\" content=\"article\" \/>\n<meta property=\"og:title\" content=\"D\u00e9cembre 2024 : Grand ma\u00eetre de la commanderie du Forez des Anysetiers, Pierre Gioia, nous pr\u00e9sente quelques-unes des nombreuses associations caritatives que le club service accompagne - Association Francophone Contre La Polychondrite Chronique Atrophiante\" \/>\n<meta property=\"og:description\" content=\"voir la vid\u00e9o sur YouTube :\u00a0 \u00a0Grand ma\u00eetre de la commanderie du Forez des Anysetiers, Pierre Gioia, nous pr\u00e9sente quelques-unes des nombreuses associations caritatives que le club service accompagne. C&#8217;est le cas de l&#8217;association francophone contre une maladie rare que pr\u00e9side Pascale Goute qui se mobilise pour la recherche. Entretien enregistr\u00e9 le 30 novembre 2024 [&hellip;]\" \/>\n<meta property=\"og:url\" content=\"https:\/\/afpca.fr\/site\/grand-maitre-de-la-commanderie-du-forez-des-anysetiers-pierre-gioia-nous-presente-quelques-unes-des-nombreuses-associations-caritatives-que-le-club-service-accompagne\/\" \/>\n<meta property=\"og:site_name\" content=\"Association Francophone Contre La Polychondrite Chronique Atrophiante\" \/>\n<meta property=\"article:publisher\" content=\"https:\/\/www.facebook.com\/groups\/42710644010\" \/>\n<meta property=\"article:published_time\" content=\"2024-12-03T14:10:57+00:00\" \/>\n<meta property=\"article:modified_time\" content=\"2024-12-03T14:34:17+00:00\" \/>\n<meta property=\"og:image\" content=\"https:\/\/afpca.fr\/site\/wp-content\/uploads\/2024\/12\/Capture1.png\" \/>\n\t<meta property=\"og:image:width\" content=\"843\" \/>\n\t<meta property=\"og:image:height\" content=\"473\" \/>\n\t<meta property=\"og:image:type\" content=\"image\/png\" \/>\n<meta name=\"author\" content=\"webmaster_afpca\" \/>\n<meta name=\"twitter:card\" content=\"summary_large_image\" \/>\n<meta name=\"twitter:label1\" content=\"\u00c9crit par\" \/>\n\t<meta name=\"twitter:data1\" content=\"webmaster_afpca\" \/>\n<script type=\"application\/ld+json\" class=\"yoast-schema-graph\">{\"@context\":\"https:\\\/\\\/schema.org\",\"@graph\":[{\"@type\":\"Article\",\"@id\":\"https:\\\/\\\/afpca.fr\\\/site\\\/grand-maitre-de-la-commanderie-du-forez-des-anysetiers-pierre-gioia-nous-presente-quelques-unes-des-nombreuses-associations-caritatives-que-le-club-service-accompagne\\\/#article\",\"isPartOf\":{\"@id\":\"https:\\\/\\\/afpca.fr\\\/site\\\/grand-maitre-de-la-commanderie-du-forez-des-anysetiers-pierre-gioia-nous-presente-quelques-unes-des-nombreuses-associations-caritatives-que-le-club-service-accompagne\\\/\"},\"author\":{\"name\":\"webmaster_afpca\",\"@id\":\"https:\\\/\\\/afpca.fr\\\/site\\\/#\\\/schema\\\/person\\\/51c98554e1e9914c58daecf2d0e9822e\"},\"headline\":\"D\u00e9cembre 2024 : Grand ma\u00eetre de la commanderie du Forez des Anysetiers, Pierre Gioia, nous pr\u00e9sente quelques-unes des nombreuses associations caritatives que le club service accompagne\",\"datePublished\":\"2024-12-03T14:10:57+00:00\",\"dateModified\":\"2024-12-03T14:34:17+00:00\",\"mainEntityOfPage\":{\"@id\":\"https:\\\/\\\/afpca.fr\\\/site\\\/grand-maitre-de-la-commanderie-du-forez-des-anysetiers-pierre-gioia-nous-presente-quelques-unes-des-nombreuses-associations-caritatives-que-le-club-service-accompagne\\\/\"},\"wordCount\":126,\"commentCount\":0,\"publisher\":{\"@id\":\"https:\\\/\\\/afpca.fr\\\/site\\\/#organization\"},\"image\":{\"@id\":\"https:\\\/\\\/afpca.fr\\\/site\\\/grand-maitre-de-la-commanderie-du-forez-des-anysetiers-pierre-gioia-nous-presente-quelques-unes-des-nombreuses-associations-caritatives-que-le-club-service-accompagne\\\/#primaryimage\"},\"thumbnailUrl\":\"https:\\\/\\\/afpca.fr\\\/site\\\/wp-content\\\/uploads\\\/2024\\\/12\\\/Capture1.png\",\"inLanguage\":\"fr-FR\",\"potentialAction\":[{\"@type\":\"CommentAction\",\"name\":\"Comment\",\"target\":[\"https:\\\/\\\/afpca.fr\\\/site\\\/grand-maitre-de-la-commanderie-du-forez-des-anysetiers-pierre-gioia-nous-presente-quelques-unes-des-nombreuses-associations-caritatives-que-le-club-service-accompagne\\\/#respond\"]}]},{\"@type\":\"WebPage\",\"@id\":\"https:\\\/\\\/afpca.fr\\\/site\\\/grand-maitre-de-la-commanderie-du-forez-des-anysetiers-pierre-gioia-nous-presente-quelques-unes-des-nombreuses-associations-caritatives-que-le-club-service-accompagne\\\/\",\"url\":\"https:\\\/\\\/afpca.fr\\\/site\\\/grand-maitre-de-la-commanderie-du-forez-des-anysetiers-pierre-gioia-nous-presente-quelques-unes-des-nombreuses-associations-caritatives-que-le-club-service-accompagne\\\/\",\"name\":\"D\u00e9cembre 2024 : Grand ma\u00eetre de la commanderie du Forez des Anysetiers, Pierre Gioia, nous pr\u00e9sente quelques-unes des nombreuses associations caritatives que le club service accompagne - Association Francophone Contre La Polychondrite Chronique Atrophiante\",\"isPartOf\":{\"@id\":\"https:\\\/\\\/afpca.fr\\\/site\\\/#website\"},\"primaryImageOfPage\":{\"@id\":\"https:\\\/\\\/afpca.fr\\\/site\\\/grand-maitre-de-la-commanderie-du-forez-des-anysetiers-pierre-gioia-nous-presente-quelques-unes-des-nombreuses-associations-caritatives-que-le-club-service-accompagne\\\/#primaryimage\"},\"image\":{\"@id\":\"https:\\\/\\\/afpca.fr\\\/site\\\/grand-maitre-de-la-commanderie-du-forez-des-anysetiers-pierre-gioia-nous-presente-quelques-unes-des-nombreuses-associations-caritatives-que-le-club-service-accompagne\\\/#primaryimage\"},\"thumbnailUrl\":\"https:\\\/\\\/afpca.fr\\\/site\\\/wp-content\\\/uploads\\\/2024\\\/12\\\/Capture1.png\",\"datePublished\":\"2024-12-03T14:10:57+00:00\",\"dateModified\":\"2024-12-03T14:34:17+00:00\",\"breadcrumb\":{\"@id\":\"https:\\\/\\\/afpca.fr\\\/site\\\/grand-maitre-de-la-commanderie-du-forez-des-anysetiers-pierre-gioia-nous-presente-quelques-unes-des-nombreuses-associations-caritatives-que-le-club-service-accompagne\\\/#breadcrumb\"},\"inLanguage\":\"fr-FR\",\"potentialAction\":[{\"@type\":\"ReadAction\",\"target\":[\"https:\\\/\\\/afpca.fr\\\/site\\\/grand-maitre-de-la-commanderie-du-forez-des-anysetiers-pierre-gioia-nous-presente-quelques-unes-des-nombreuses-associations-caritatives-que-le-club-service-accompagne\\\/\"]}]},{\"@type\":\"ImageObject\",\"inLanguage\":\"fr-FR\",\"@id\":\"https:\\\/\\\/afpca.fr\\\/site\\\/grand-maitre-de-la-commanderie-du-forez-des-anysetiers-pierre-gioia-nous-presente-quelques-unes-des-nombreuses-associations-caritatives-que-le-club-service-accompagne\\\/#primaryimage\",\"url\":\"https:\\\/\\\/afpca.fr\\\/site\\\/wp-content\\\/uploads\\\/2024\\\/12\\\/Capture1.png\",\"contentUrl\":\"https:\\\/\\\/afpca.fr\\\/site\\\/wp-content\\\/uploads\\\/2024\\\/12\\\/Capture1.png\",\"width\":843,\"height\":473},{\"@type\":\"BreadcrumbList\",\"@id\":\"https:\\\/\\\/afpca.fr\\\/site\\\/grand-maitre-de-la-commanderie-du-forez-des-anysetiers-pierre-gioia-nous-presente-quelques-unes-des-nombreuses-associations-caritatives-que-le-club-service-accompagne\\\/#breadcrumb\",\"itemListElement\":[{\"@type\":\"ListItem\",\"position\":1,\"name\":\"Accueil\",\"item\":\"https:\\\/\\\/afpca.fr\\\/site\\\/\"},{\"@type\":\"ListItem\",\"position\":2,\"name\":\"D\u00e9cembre 2024 : Grand ma\u00eetre de la commanderie du Forez des Anysetiers, Pierre Gioia, nous pr\u00e9sente quelques-unes des nombreuses associations caritatives que le club service accompagne\"}]},{\"@type\":\"WebSite\",\"@id\":\"https:\\\/\\\/afpca.fr\\\/site\\\/#website\",\"url\":\"https:\\\/\\\/afpca.fr\\\/site\\\/\",\"name\":\"Association Francophone Contre La Polychondrite Chronique Atrophiante\",\"description\":\"Association Francophone Contre La Polychondrite Chronique Atrophiante\",\"publisher\":{\"@id\":\"https:\\\/\\\/afpca.fr\\\/site\\\/#organization\"},\"potentialAction\":[{\"@type\":\"SearchAction\",\"target\":{\"@type\":\"EntryPoint\",\"urlTemplate\":\"https:\\\/\\\/afpca.fr\\\/site\\\/?s={search_term_string}\"},\"query-input\":{\"@type\":\"PropertyValueSpecification\",\"valueRequired\":true,\"valueName\":\"search_term_string\"}}],\"inLanguage\":\"fr-FR\"},{\"@type\":\"Organization\",\"@id\":\"https:\\\/\\\/afpca.fr\\\/site\\\/#organization\",\"name\":\"Association Francophone Contre La Polychondrite Chronique Atrophiante\",\"url\":\"https:\\\/\\\/afpca.fr\\\/site\\\/\",\"logo\":{\"@type\":\"ImageObject\",\"inLanguage\":\"fr-FR\",\"@id\":\"https:\\\/\\\/afpca.fr\\\/site\\\/#\\\/schema\\\/logo\\\/image\\\/\",\"url\":\"https:\\\/\\\/afpca.fr\\\/site\\\/wp-content\\\/uploads\\\/2023\\\/05\\\/LOGO_afpca.png\",\"contentUrl\":\"https:\\\/\\\/afpca.fr\\\/site\\\/wp-content\\\/uploads\\\/2023\\\/05\\\/LOGO_afpca.png\",\"width\":184,\"height\":184,\"caption\":\"Association Francophone Contre La Polychondrite Chronique Atrophiante\"},\"image\":{\"@id\":\"https:\\\/\\\/afpca.fr\\\/site\\\/#\\\/schema\\\/logo\\\/image\\\/\"},\"sameAs\":[\"https:\\\/\\\/www.facebook.com\\\/groups\\\/42710644010\"]},{\"@type\":\"Person\",\"@id\":\"https:\\\/\\\/afpca.fr\\\/site\\\/#\\\/schema\\\/person\\\/51c98554e1e9914c58daecf2d0e9822e\",\"name\":\"webmaster_afpca\",\"image\":{\"@type\":\"ImageObject\",\"inLanguage\":\"fr-FR\",\"@id\":\"https:\\\/\\\/secure.gravatar.com\\\/avatar\\\/8ceed7420502a29ef58778714f74aee5826a58566284b1b505f52207bb7285a5?s=96&d=mm&r=g\",\"url\":\"https:\\\/\\\/secure.gravatar.com\\\/avatar\\\/8ceed7420502a29ef58778714f74aee5826a58566284b1b505f52207bb7285a5?s=96&d=mm&r=g\",\"contentUrl\":\"https:\\\/\\\/secure.gravatar.com\\\/avatar\\\/8ceed7420502a29ef58778714f74aee5826a58566284b1b505f52207bb7285a5?s=96&d=mm&r=g\",\"caption\":\"webmaster_afpca\"},\"url\":\"https:\\\/\\\/afpca.fr\\\/site\\\/author\\\/webmaster_afpca\\\/\"}]}<\/script>\n<!-- \/ Yoast SEO plugin. -->","yoast_head_json":{"title":"D\u00e9cembre 2024 : Grand ma\u00eetre de la commanderie du Forez des Anysetiers, Pierre Gioia, nous pr\u00e9sente quelques-unes des nombreuses associations caritatives que le club service accompagne - Association Francophone Contre La Polychondrite Chronique Atrophiante","robots":{"index":"index","follow":"follow","max-snippet":"max-snippet:-1","max-image-preview":"max-image-preview:large","max-video-preview":"max-video-preview:-1"},"canonical":"https:\/\/afpca.fr\/site\/grand-maitre-de-la-commanderie-du-forez-des-anysetiers-pierre-gioia-nous-presente-quelques-unes-des-nombreuses-associations-caritatives-que-le-club-service-accompagne\/","og_locale":"fr_FR","og_type":"article","og_title":"D\u00e9cembre 2024 : Grand ma\u00eetre de la commanderie du Forez des Anysetiers, Pierre Gioia, nous pr\u00e9sente quelques-unes des nombreuses associations caritatives que le club service accompagne - Association Francophone Contre La Polychondrite Chronique Atrophiante","og_description":"voir la vid\u00e9o sur YouTube :\u00a0 \u00a0Grand ma\u00eetre de la commanderie du Forez des Anysetiers, Pierre Gioia, nous pr\u00e9sente quelques-unes des nombreuses associations caritatives que le club service accompagne. C&#8217;est le cas de l&#8217;association francophone contre une maladie rare que pr\u00e9side Pascale Goute qui se mobilise pour la recherche. Entretien enregistr\u00e9 le 30 novembre 2024 [&hellip;]","og_url":"https:\/\/afpca.fr\/site\/grand-maitre-de-la-commanderie-du-forez-des-anysetiers-pierre-gioia-nous-presente-quelques-unes-des-nombreuses-associations-caritatives-que-le-club-service-accompagne\/","og_site_name":"Association Francophone Contre La Polychondrite Chronique Atrophiante","article_publisher":"https:\/\/www.facebook.com\/groups\/42710644010","article_published_time":"2024-12-03T14:10:57+00:00","article_modified_time":"2024-12-03T14:34:17+00:00","og_image":[{"width":843,"height":473,"url":"https:\/\/afpca.fr\/site\/wp-content\/uploads\/2024\/12\/Capture1.png","type":"image\/png"}],"author":"webmaster_afpca","twitter_card":"summary_large_image","twitter_misc":{"\u00c9crit par":"webmaster_afpca"},"schema":{"@context":"https:\/\/schema.org","@graph":[{"@type":"Article","@id":"https:\/\/afpca.fr\/site\/grand-maitre-de-la-commanderie-du-forez-des-anysetiers-pierre-gioia-nous-presente-quelques-unes-des-nombreuses-associations-caritatives-que-le-club-service-accompagne\/#article","isPartOf":{"@id":"https:\/\/afpca.fr\/site\/grand-maitre-de-la-commanderie-du-forez-des-anysetiers-pierre-gioia-nous-presente-quelques-unes-des-nombreuses-associations-caritatives-que-le-club-service-accompagne\/"},"author":{"name":"webmaster_afpca","@id":"https:\/\/afpca.fr\/site\/#\/schema\/person\/51c98554e1e9914c58daecf2d0e9822e"},"headline":"D\u00e9cembre 2024 : Grand ma\u00eetre de la commanderie du Forez des Anysetiers, Pierre Gioia, nous pr\u00e9sente quelques-unes des nombreuses associations caritatives que le club service accompagne","datePublished":"2024-12-03T14:10:57+00:00","dateModified":"2024-12-03T14:34:17+00:00","mainEntityOfPage":{"@id":"https:\/\/afpca.fr\/site\/grand-maitre-de-la-commanderie-du-forez-des-anysetiers-pierre-gioia-nous-presente-quelques-unes-des-nombreuses-associations-caritatives-que-le-club-service-accompagne\/"},"wordCount":126,"commentCount":0,"publisher":{"@id":"https:\/\/afpca.fr\/site\/#organization"},"image":{"@id":"https:\/\/afpca.fr\/site\/grand-maitre-de-la-commanderie-du-forez-des-anysetiers-pierre-gioia-nous-presente-quelques-unes-des-nombreuses-associations-caritatives-que-le-club-service-accompagne\/#primaryimage"},"thumbnailUrl":"https:\/\/afpca.fr\/site\/wp-content\/uploads\/2024\/12\/Capture1.png","inLanguage":"fr-FR","potentialAction":[{"@type":"CommentAction","name":"Comment","target":["https:\/\/afpca.fr\/site\/grand-maitre-de-la-commanderie-du-forez-des-anysetiers-pierre-gioia-nous-presente-quelques-unes-des-nombreuses-associations-caritatives-que-le-club-service-accompagne\/#respond"]}]},{"@type":"WebPage","@id":"https:\/\/afpca.fr\/site\/grand-maitre-de-la-commanderie-du-forez-des-anysetiers-pierre-gioia-nous-presente-quelques-unes-des-nombreuses-associations-caritatives-que-le-club-service-accompagne\/","url":"https:\/\/afpca.fr\/site\/grand-maitre-de-la-commanderie-du-forez-des-anysetiers-pierre-gioia-nous-presente-quelques-unes-des-nombreuses-associations-caritatives-que-le-club-service-accompagne\/","name":"D\u00e9cembre 2024 : Grand ma\u00eetre de la commanderie du Forez des Anysetiers, Pierre Gioia, nous pr\u00e9sente quelques-unes des nombreuses associations caritatives que le club service accompagne - Association Francophone Contre La Polychondrite Chronique Atrophiante","isPartOf":{"@id":"https:\/\/afpca.fr\/site\/#website"},"primaryImageOfPage":{"@id":"https:\/\/afpca.fr\/site\/grand-maitre-de-la-commanderie-du-forez-des-anysetiers-pierre-gioia-nous-presente-quelques-unes-des-nombreuses-associations-caritatives-que-le-club-service-accompagne\/#primaryimage"},"image":{"@id":"https:\/\/afpca.fr\/site\/grand-maitre-de-la-commanderie-du-forez-des-anysetiers-pierre-gioia-nous-presente-quelques-unes-des-nombreuses-associations-caritatives-que-le-club-service-accompagne\/#primaryimage"},"thumbnailUrl":"https:\/\/afpca.fr\/site\/wp-content\/uploads\/2024\/12\/Capture1.png","datePublished":"2024-12-03T14:10:57+00:00","dateModified":"2024-12-03T14:34:17+00:00","breadcrumb":{"@id":"https:\/\/afpca.fr\/site\/grand-maitre-de-la-commanderie-du-forez-des-anysetiers-pierre-gioia-nous-presente-quelques-unes-des-nombreuses-associations-caritatives-que-le-club-service-accompagne\/#breadcrumb"},"inLanguage":"fr-FR","potentialAction":[{"@type":"ReadAction","target":["https:\/\/afpca.fr\/site\/grand-maitre-de-la-commanderie-du-forez-des-anysetiers-pierre-gioia-nous-presente-quelques-unes-des-nombreuses-associations-caritatives-que-le-club-service-accompagne\/"]}]},{"@type":"ImageObject","inLanguage":"fr-FR","@id":"https:\/\/afpca.fr\/site\/grand-maitre-de-la-commanderie-du-forez-des-anysetiers-pierre-gioia-nous-presente-quelques-unes-des-nombreuses-associations-caritatives-que-le-club-service-accompagne\/#primaryimage","url":"https:\/\/afpca.fr\/site\/wp-content\/uploads\/2024\/12\/Capture1.png","contentUrl":"https:\/\/afpca.fr\/site\/wp-content\/uploads\/2024\/12\/Capture1.png","width":843,"height":473},{"@type":"BreadcrumbList","@id":"https:\/\/afpca.fr\/site\/grand-maitre-de-la-commanderie-du-forez-des-anysetiers-pierre-gioia-nous-presente-quelques-unes-des-nombreuses-associations-caritatives-que-le-club-service-accompagne\/#breadcrumb","itemListElement":[{"@type":"ListItem","position":1,"name":"Accueil","item":"https:\/\/afpca.fr\/site\/"},{"@type":"ListItem","position":2,"name":"D\u00e9cembre 2024 : Grand ma\u00eetre de la commanderie du Forez des Anysetiers, Pierre Gioia, nous pr\u00e9sente quelques-unes des nombreuses associations caritatives que le club service accompagne"}]},{"@type":"WebSite","@id":"https:\/\/afpca.fr\/site\/#website","url":"https:\/\/afpca.fr\/site\/","name":"Association Francophone Contre La Polychondrite Chronique Atrophiante","description":"Association Francophone Contre La Polychondrite Chronique Atrophiante","publisher":{"@id":"https:\/\/afpca.fr\/site\/#organization"},"potentialAction":[{"@type":"SearchAction","target":{"@type":"EntryPoint","urlTemplate":"https:\/\/afpca.fr\/site\/?s={search_term_string}"},"query-input":{"@type":"PropertyValueSpecification","valueRequired":true,"valueName":"search_term_string"}}],"inLanguage":"fr-FR"},{"@type":"Organization","@id":"https:\/\/afpca.fr\/site\/#organization","name":"Association Francophone Contre La Polychondrite Chronique Atrophiante","url":"https:\/\/afpca.fr\/site\/","logo":{"@type":"ImageObject","inLanguage":"fr-FR","@id":"https:\/\/afpca.fr\/site\/#\/schema\/logo\/image\/","url":"https:\/\/afpca.fr\/site\/wp-content\/uploads\/2023\/05\/LOGO_afpca.png","contentUrl":"https:\/\/afpca.fr\/site\/wp-content\/uploads\/2023\/05\/LOGO_afpca.png","width":184,"height":184,"caption":"Association Francophone Contre La Polychondrite Chronique Atrophiante"},"image":{"@id":"https:\/\/afpca.fr\/site\/#\/schema\/logo\/image\/"},"sameAs":["https:\/\/www.facebook.com\/groups\/42710644010"]},{"@type":"Person","@id":"https:\/\/afpca.fr\/site\/#\/schema\/person\/51c98554e1e9914c58daecf2d0e9822e","name":"webmaster_afpca","image":{"@type":"ImageObject","inLanguage":"fr-FR","@id":"https:\/\/secure.gravatar.com\/avatar\/8ceed7420502a29ef58778714f74aee5826a58566284b1b505f52207bb7285a5?s=96&d=mm&r=g","url":"https:\/\/secure.gravatar.com\/avatar\/8ceed7420502a29ef58778714f74aee5826a58566284b1b505f52207bb7285a5?s=96&d=mm&r=g","contentUrl":"https:\/\/secure.gravatar.com\/avatar\/8ceed7420502a29ef58778714f74aee5826a58566284b1b505f52207bb7285a5?s=96&d=mm&r=g","caption":"webmaster_afpca"},"url":"https:\/\/afpca.fr\/site\/author\/webmaster_afpca\/"}]}},"_links":{"self":[{"href":"https:\/\/afpca.fr\/site\/wp-json\/wp\/v2\/posts\/4256","targetHints":{"allow":["GET"]}}],"collection":[{"href":"https:\/\/afpca.fr\/site\/wp-json\/wp\/v2\/posts"}],"about":[{"href":"https:\/\/afpca.fr\/site\/wp-json\/wp\/v2\/types\/post"}],"author":[{"embeddable":true,"href":"https:\/\/afpca.fr\/site\/wp-json\/wp\/v2\/users\/10"}],"replies":[{"embeddable":true,"href":"https:\/\/afpca.fr\/site\/wp-json\/wp\/v2\/comments?post=4256"}],"version-history":[{"count":9,"href":"https:\/\/afpca.fr\/site\/wp-json\/wp\/v2\/posts\/4256\/revisions"}],"predecessor-version":[{"id":4276,"href":"https:\/\/afpca.fr\/site\/wp-json\/wp\/v2\/posts\/4256\/revisions\/4276"}],"wp:featuredmedia":[{"embeddable":true,"href":"https:\/\/afpca.fr\/site\/wp-json\/wp\/v2\/media\/4274"}],"wp:attachment":[{"href":"https:\/\/afpca.fr\/site\/wp-json\/wp\/v2\/media?parent=4256"}],"wp:term":[{"taxonomy":"category","embeddable":true,"href":"https:\/\/afpca.fr\/site\/wp-json\/wp\/v2\/categories?post=4256"},{"taxonomy":"post_tag","embeddable":true,"href":"https:\/\/afpca.fr\/site\/wp-json\/wp\/v2\/tags?post=4256"}],"curies":[{"name":"wp","href":"https:\/\/api.w.org\/{rel}","templated":true}]}}